{"id":2415,"date":"2016-11-10T14:52:16","date_gmt":"2016-11-10T17:52:16","guid":{"rendered":"http:\/\/www.ilheusnoticias.net.br\/v1\/?p=2415"},"modified":"2016-11-10T14:52:16","modified_gmt":"2016-11-10T17:52:16","slug":"bale-teatro-castro-alves-e-tema-da-serie-nossa-cultura","status":"publish","type":"post","link":"https:\/\/www.ilheusnoticias.net.br\/v1\/2016\/11\/10\/bale-teatro-castro-alves-e-tema-da-serie-nossa-cultura\/","title":{"rendered":"Bal\u00e9 Teatro Castro Alves \u00e9 tema da s\u00e9rie Nossa Cultura"},"content":{"rendered":"<h1 id=\"x_story_title\"><a href=\"http:\/\/www.ilheusnoticias.net.br\/v1\/wp-content\/uploads\/2016\/11\/bale.jpg\" rel=\"attachment wp-att-2416\"><img loading=\"lazy\" class=\"aligncenter size-medium wp-image-2416\" src=\"http:\/\/www.ilheusnoticias.net.br\/v1\/wp-content\/uploads\/2016\/11\/bale-300x156.jpg\" alt=\"bale\" width=\"300\" height=\"156\" srcset=\"https:\/\/www.ilheusnoticias.net.br\/v1\/wp-content\/uploads\/2016\/11\/bale-300x156.jpg 300w, https:\/\/www.ilheusnoticias.net.br\/v1\/wp-content\/uploads\/2016\/11\/bale-1024x531.jpg 1024w, https:\/\/www.ilheusnoticias.net.br\/v1\/wp-content\/uploads\/2016\/11\/bale.jpg 1280w\" sizes=\"(max-width: 300px) 100vw, 300px\" \/><\/a><\/h1>\n<div id=\"x_Signature\">\n<div id=\"x_divtagdefaultwrapper\">\n<div><b><\/b><\/p>\n<div align=\"center\">\n<div align=\"left\">Recinto hist\u00f3rico da arte da dan\u00e7a na Bahia, o Bal\u00e9 Teatro Castro Alves (BTCA) \u00e9 uma presen\u00e7a destacada no cen\u00e1rio nacional e internacional. S\u00e3o mais de 50 coreografias em seu repert\u00f3rio, montagens que alcan\u00e7aram sucesso de p\u00fablico e cr\u00edtica, com apresenta\u00e7\u00f5es em todo o Brasil e em pa\u00edses como os Estados Unidos, Inglaterra, Alemanha, Su\u00ed\u00e7a, \u00c1ustria, It\u00e1lia, Rep\u00fablica Tcheca, Portugal, Israel e Argentina.<\/p>\n<p>Mantido pela Funda\u00e7\u00e3o Cultural (Funceb), unidade da Secretaria de Cultura do Estado (Secult), o BTCA completou 35 anos em abril de 2016, tendo assumido como miss\u00e3o difundir as linguagens contempor\u00e2neas da dan\u00e7a, por meio\u00a0de iniciativas de forma\u00e7\u00e3o do p\u00fablico, como debates acerca da cria\u00e7\u00e3o art\u00edstica, ensaios abertos com espet\u00e1culos do acervo e produ\u00e7\u00f5es em escolas, espa\u00e7os carentes e perif\u00e9ricos, promovendo o efetivo encontro da arte com seu p\u00fablico.<\/p><\/div>\n<\/div>\n<p><span class=\"x_Apple-style-span\"><span class=\"x_Apple-style-span\" style=\"font-family: Times;\"><br \/>\nEsse importante espa\u00e7o da arte corporal na Bahia \u00e9 tema do Nossa Cultura, s\u00e9rie de<b><a href=\"http:\/\/www.secom.ba.gov.br\/2016\/11\/135911\/Bale-Teatro-Castro-Alves-e-tema-da-serie-Nossa-Cultura.html\" target=\"_blank\"> v\u00eddeos<\/a><\/b> produzido pela Secretaria de Comunica\u00e7\u00e3o Social do Estado (Secom), em parceria com a Secult.<\/span><\/span><\/div>\n<\/div>\n<\/div>\n","protected":false},"excerpt":{"rendered":"<p>Recinto hist\u00f3rico da arte da dan\u00e7a na Bahia, o Bal\u00e9 Teatro Castro Alves (BTCA) \u00e9 uma presen\u00e7a destacada no cen\u00e1rio nacional e internacional. S\u00e3o mais de 50 coreografias em seu repert\u00f3rio, montagens que alcan\u00e7aram sucesso de p\u00fablico e cr\u00edtica, com apresenta\u00e7\u00f5es em todo o Brasil e em pa\u00edses como os Estados Unidos, Inglaterra, Alemanha, Su\u00ed\u00e7a, [&hellip;]<\/p>\n","protected":false},"author":2,"featured_media":0,"comment_status":"open","ping_status":"open","sticky":false,"template":"","format":"standard","meta":{"_links_to":"","_links_to_target":""},"categories":[7],"tags":[],"_links":{"self":[{"href":"https:\/\/www.ilheusnoticias.net.br\/v1\/wp-json\/wp\/v2\/posts\/2415"}],"collection":[{"href":"https:\/\/www.ilheusnoticias.net.br\/v1\/wp-json\/wp\/v2\/posts"}],"about":[{"href":"https:\/\/www.ilheusnoticias.net.br\/v1\/wp-json\/wp\/v2\/types\/post"}],"author":[{"embeddable":true,"href":"https:\/\/www.ilheusnoticias.net.br\/v1\/wp-json\/wp\/v2\/users\/2"}],"replies":[{"embeddable":true,"href":"https:\/\/www.ilheusnoticias.net.br\/v1\/wp-json\/wp\/v2\/comments?post=2415"}],"version-history":[{"count":1,"href":"https:\/\/www.ilheusnoticias.net.br\/v1\/wp-json\/wp\/v2\/posts\/2415\/revisions"}],"predecessor-version":[{"id":2417,"href":"https:\/\/www.ilheusnoticias.net.br\/v1\/wp-json\/wp\/v2\/posts\/2415\/revisions\/2417"}],"wp:attachment":[{"href":"https:\/\/www.ilheusnoticias.net.br\/v1\/wp-json\/wp\/v2\/media?parent=2415"}],"wp:term":[{"taxonomy":"category","embeddable":true,"href":"https:\/\/www.ilheusnoticias.net.br\/v1\/wp-json\/wp\/v2\/categories?post=2415"},{"taxonomy":"post_tag","embeddable":true,"href":"https:\/\/www.ilheusnoticias.net.br\/v1\/wp-json\/wp\/v2\/tags?post=2415"}],"curies":[{"name":"wp","href":"https:\/\/api.w.org\/{rel}","templated":true}]}}