{"id":2391,"date":"2016-11-09T10:50:46","date_gmt":"2016-11-09T13:50:46","guid":{"rendered":"http:\/\/www.ilheusnoticias.net.br\/v1\/?p=2391"},"modified":"2016-11-09T10:50:46","modified_gmt":"2016-11-09T13:50:46","slug":"ilheus-nazal-coordenara-equipe-de-transicao","status":"publish","type":"post","link":"https:\/\/www.ilheusnoticias.net.br\/v1\/2016\/11\/09\/ilheus-nazal-coordenara-equipe-de-transicao\/","title":{"rendered":"ILH\u00c9US: NAZAL COORDENAR\u00c1 EQUIPE DE TRANSI\u00c7\u00c3O"},"content":{"rendered":"<div class=\"Post\">\n<div class=\"Post-body\">\n<div class=\"Post-inner article\">\n<div class=\"PostFooterIcons metadata-icons\">\n<div align=\"center\"><\/div>\n<\/div>\n<\/div>\n<\/div>\n<\/div>\n<div class=\"Post\">\n<div class=\"Post-body\">\n<div class=\"Post-inner article\">\n<div class=\"PostContent\">\n<div id=\"attachment_171633\" class=\"wp-caption aligncenter\"><a href=\"http:\/\/www.pimenta.blog.br\/2016\/09\/11\/agenda-dos-candidatos-domingo-11\/marao-e-nazal-11-09\/\" rel=\"attachment wp-att-171633\"><img loading=\"lazy\" class=\"size-large wp-image-171633\" src=\"http:\/\/www.pimenta.blog.br\/wp-content\/uploads\/2016\/09\/Mar%C3%A3o-e-Nazal-11.09-580x387.jpg\" sizes=\"(max-width: 580px) 100vw, 580px\" srcset=\"http:\/\/www.pimenta.blog.br\/wp-content\/uploads\/2016\/09\/Mar\u00e3o-e-Nazal-11.09-300x200.jpg 300w, http:\/\/www.pimenta.blog.br\/wp-content\/uploads\/2016\/09\/Mar\u00e3o-e-Nazal-11.09-580x387.jpg 580w, http:\/\/www.pimenta.blog.br\/wp-content\/uploads\/2016\/09\/Mar\u00e3o-e-Nazal-11.09.jpg 1048w\" alt=\"Mar\u00e3o definiu sua equipe de transi\u00e7\u00e3o, que ter\u00e1 Nazal (\u00e0 dir) como coordenador.\" width=\"580\" height=\"387\" \/><\/a><\/p>\n<p class=\"wp-caption-text\">Mar\u00e3o definiu sua equipe de transi\u00e7\u00e3o, que ter\u00e1 Nazal (\u00e0 dir) como coordenador.<\/p>\n<\/div>\n<p>O prefeito eleito de Ilh\u00e9us, M\u00e1rio Alexandre, Mar\u00e3o (PSD), definiu a sua equipe de transi\u00e7\u00e3o. O vice-prefeito eleito Jos\u00e9 Nazal (Rede) coordenar\u00e1 a equipe, que ser\u00e1 composta, ainda, por Bento Jos\u00e9 Lima Neto, Reinilson Soares Santos, Sin\u00e9sio Bomfim, Eliane Oliveira, Sonilda Mello, Fabiano Almeida e Soane Galv\u00e3o Barbosa.<\/p>\n<p>De acordo com a assessoria do prefeito eleito, o requerimento com os nomes que v\u00e3o compor a equipe foi encaminhado ao prefeito Jabes Ribeiro ontem (7). Mar\u00e3o disse ter solicitado que a Comiss\u00e3o de Transi\u00e7\u00e3o de Governo seja instaurada \u201ccom maior brevidade poss\u00edvel\u201d.<\/p>\n<\/div>\n<\/div>\n<\/div>\n<\/div>\n","protected":false},"excerpt":{"rendered":"<p>Mar\u00e3o definiu sua equipe de transi\u00e7\u00e3o, que ter\u00e1 Nazal (\u00e0 dir) como coordenador. O prefeito eleito de Ilh\u00e9us, M\u00e1rio Alexandre, Mar\u00e3o (PSD), definiu a sua equipe de transi\u00e7\u00e3o. O vice-prefeito eleito Jos\u00e9 Nazal (Rede) coordenar\u00e1 a equipe, que ser\u00e1 composta, ainda, por Bento Jos\u00e9 Lima Neto, Reinilson Soares Santos, Sin\u00e9sio Bomfim, Eliane Oliveira, Sonilda Mello, [&hellip;]<\/p>\n","protected":false},"author":2,"featured_media":0,"comment_status":"open","ping_status":"open","sticky":false,"template":"","format":"standard","meta":{"_links_to":"","_links_to_target":""},"categories":[1],"tags":[],"_links":{"self":[{"href":"https:\/\/www.ilheusnoticias.net.br\/v1\/wp-json\/wp\/v2\/posts\/2391"}],"collection":[{"href":"https:\/\/www.ilheusnoticias.net.br\/v1\/wp-json\/wp\/v2\/posts"}],"about":[{"href":"https:\/\/www.ilheusnoticias.net.br\/v1\/wp-json\/wp\/v2\/types\/post"}],"author":[{"embeddable":true,"href":"https:\/\/www.ilheusnoticias.net.br\/v1\/wp-json\/wp\/v2\/users\/2"}],"replies":[{"embeddable":true,"href":"https:\/\/www.ilheusnoticias.net.br\/v1\/wp-json\/wp\/v2\/comments?post=2391"}],"version-history":[{"count":1,"href":"https:\/\/www.ilheusnoticias.net.br\/v1\/wp-json\/wp\/v2\/posts\/2391\/revisions"}],"predecessor-version":[{"id":2392,"href":"https:\/\/www.ilheusnoticias.net.br\/v1\/wp-json\/wp\/v2\/posts\/2391\/revisions\/2392"}],"wp:attachment":[{"href":"https:\/\/www.ilheusnoticias.net.br\/v1\/wp-json\/wp\/v2\/media?parent=2391"}],"wp:term":[{"taxonomy":"category","embeddable":true,"href":"https:\/\/www.ilheusnoticias.net.br\/v1\/wp-json\/wp\/v2\/categories?post=2391"},{"taxonomy":"post_tag","embeddable":true,"href":"https:\/\/www.ilheusnoticias.net.br\/v1\/wp-json\/wp\/v2\/tags?post=2391"}],"curies":[{"name":"wp","href":"https:\/\/api.w.org\/{rel}","templated":true}]}}