{"id":2386,"date":"2016-11-09T10:46:20","date_gmt":"2016-11-09T13:46:20","guid":{"rendered":"http:\/\/www.ilheusnoticias.net.br\/v1\/?p=2386"},"modified":"2016-11-09T10:46:20","modified_gmt":"2016-11-09T13:46:20","slug":"terceirizacao-de-mao-de-obra-sera-julgada-hoje-pelo-stf","status":"publish","type":"post","link":"https:\/\/www.ilheusnoticias.net.br\/v1\/2016\/11\/09\/terceirizacao-de-mao-de-obra-sera-julgada-hoje-pelo-stf\/","title":{"rendered":"Terceiriza\u00e7\u00e3o de m\u00e3o de obra ser\u00e1 julgada hoje pelo STF"},"content":{"rendered":"<h2 class=\"PostHeaderIcon-wrapper\"><\/h2>\n<div class=\"PostContent\">\n<p>O Supremo Tribunal Federal (STF) pode come\u00e7ar a julgar hoje (9) a validade da contrata\u00e7\u00e3o de trabalhadores terceirizados para a atividade-fim das empresas privadas. O tema \u00e9 um dos mais pol\u00eamicos que envolvem patr\u00f5es e empregados e pode mudar a atual forma de contrata\u00e7\u00e3o direta de funcion\u00e1rios em todo o pa\u00eds.<\/p>\n<p>A a\u00e7\u00e3o em que a terceiriza\u00e7\u00e3o ser\u00e1 discutida \u00e9 relatada pelo ministro Luiz Fux e est\u00e1 na pauta de julgamento da sess\u00e3o de hoje \u00e0 tarde. No entanto, n\u00e3o h\u00e1 confirma\u00e7\u00e3o de que o processo ser\u00e1 chamado para julgamento. Est\u00e1 prevista uma homenagem a um ex-integrante da Corte e a finaliza\u00e7\u00e3o de um julgamento pendente da \u00faltima sess\u00e3o.<\/p>\n<\/div>\n","protected":false},"excerpt":{"rendered":"<p>O Supremo Tribunal Federal (STF) pode come\u00e7ar a julgar hoje (9) a validade da contrata\u00e7\u00e3o de trabalhadores terceirizados para a atividade-fim das empresas privadas. O tema \u00e9 um dos mais pol\u00eamicos que envolvem patr\u00f5es e empregados e pode mudar a atual forma de contrata\u00e7\u00e3o direta de funcion\u00e1rios em todo o pa\u00eds. A a\u00e7\u00e3o em que [&hellip;]<\/p>\n","protected":false},"author":2,"featured_media":0,"comment_status":"open","ping_status":"open","sticky":false,"template":"","format":"standard","meta":{"_links_to":"","_links_to_target":""},"categories":[1],"tags":[],"_links":{"self":[{"href":"https:\/\/www.ilheusnoticias.net.br\/v1\/wp-json\/wp\/v2\/posts\/2386"}],"collection":[{"href":"https:\/\/www.ilheusnoticias.net.br\/v1\/wp-json\/wp\/v2\/posts"}],"about":[{"href":"https:\/\/www.ilheusnoticias.net.br\/v1\/wp-json\/wp\/v2\/types\/post"}],"author":[{"embeddable":true,"href":"https:\/\/www.ilheusnoticias.net.br\/v1\/wp-json\/wp\/v2\/users\/2"}],"replies":[{"embeddable":true,"href":"https:\/\/www.ilheusnoticias.net.br\/v1\/wp-json\/wp\/v2\/comments?post=2386"}],"version-history":[{"count":1,"href":"https:\/\/www.ilheusnoticias.net.br\/v1\/wp-json\/wp\/v2\/posts\/2386\/revisions"}],"predecessor-version":[{"id":2387,"href":"https:\/\/www.ilheusnoticias.net.br\/v1\/wp-json\/wp\/v2\/posts\/2386\/revisions\/2387"}],"wp:attachment":[{"href":"https:\/\/www.ilheusnoticias.net.br\/v1\/wp-json\/wp\/v2\/media?parent=2386"}],"wp:term":[{"taxonomy":"category","embeddable":true,"href":"https:\/\/www.ilheusnoticias.net.br\/v1\/wp-json\/wp\/v2\/categories?post=2386"},{"taxonomy":"post_tag","embeddable":true,"href":"https:\/\/www.ilheusnoticias.net.br\/v1\/wp-json\/wp\/v2\/tags?post=2386"}],"curies":[{"name":"wp","href":"https:\/\/api.w.org\/{rel}","templated":true}]}}