{"id":2361,"date":"2016-11-07T15:24:58","date_gmt":"2016-11-07T18:24:58","guid":{"rendered":"http:\/\/www.ilheusnoticias.net.br\/v1\/?p=2361"},"modified":"2016-11-07T15:24:59","modified_gmt":"2016-11-07T18:24:59","slug":"missa-em-acao-de-gracas-pelos-radialistas-ilheenses-dia-10-na-catedral","status":"publish","type":"post","link":"https:\/\/www.ilheusnoticias.net.br\/v1\/2016\/11\/07\/missa-em-acao-de-gracas-pelos-radialistas-ilheenses-dia-10-na-catedral\/","title":{"rendered":"Missa em A\u00e7\u00e3o de Gra\u00e7as pelos radialistas ilheenses, dia 10, na Catedral"},"content":{"rendered":"<h2 class=\"PostHeaderIcon-wrapper\"><\/h2>\n<div class=\"PostContent\">\n<div id=\"attachment_9525\" class=\"wp-caption aligncenter\"><img loading=\"lazy\" class=\"wp-image-9525\" src=\"http:\/\/www.fabiorobertonoticias.com.br\/v1\/wp-content\/uploads\/2016\/11\/catedral.jpg\" sizes=\"(max-width: 528px) 100vw, 528px\" srcset=\"http:\/\/www.fabiorobertonoticias.com.br\/v1\/wp-content\/uploads\/2016\/11\/catedral.jpg 530w, http:\/\/www.fabiorobertonoticias.com.br\/v1\/wp-content\/uploads\/2016\/11\/catedral-300x199.jpg 300w\" alt=\"catedral\" width=\"528\" height=\"351\" \/><\/p>\n<p class=\"wp-caption-text\">Radialistas ilheenses participar\u00e3o de missa em a\u00e7\u00e3o de gra\u00e7as.<\/p>\n<\/div>\n<p>Ser\u00e1 \u00a0celebrada no dia\u00a010 de novembro, uma Missa em A\u00e7\u00e3o de Gra\u00e7as\u00a0pelos profissionais\u00a0ilheenses, em alus\u00e3o ao dia do radialista, a ser comemorado dia 7, em todo o pa\u00eds.<\/p>\n<p>A missa\u00a0ser\u00e1 presidida pelo Padre Aldemiro Sena, a partir do meio-dia do dia 10, na Catedral de S\u00e3o Sebasti\u00e3o.\u00a0O celebrante estar\u00e1 louvando ao Senhor da\u00a0Messe e agradecendo pela passagem de mais um anivers\u00e1rio da classe radiof\u00f4nica, bem como pela sa\u00fade de todos e seus familiares. O tema da celebra\u00e7\u00e3o ser\u00e1 \u201cPela paz e unidade na categoria\u201d.<\/p>\n<p>Na oportunidade ser\u00e3o narrados\u00a0um hist\u00f3rico das emissoras de r\u00e1dios do munic\u00edpio de Ilh\u00e9us, do sindicato e suas a\u00e7\u00f5es. O Sindicato dos Radialistas de Ilh\u00e9us conta com a presen\u00e7a de todos os seus diretores\/associados e convida todos os amigos, ouvintes e admiradores.<\/p>\n<\/div>\n","protected":false},"excerpt":{"rendered":"<p>Radialistas ilheenses participar\u00e3o de missa em a\u00e7\u00e3o de gra\u00e7as. Ser\u00e1 \u00a0celebrada no dia\u00a010 de novembro, uma Missa em A\u00e7\u00e3o de Gra\u00e7as\u00a0pelos profissionais\u00a0ilheenses, em alus\u00e3o ao dia do radialista, a ser comemorado dia 7, em todo o pa\u00eds. A missa\u00a0ser\u00e1 presidida pelo Padre Aldemiro Sena, a partir do meio-dia do dia 10, na Catedral de S\u00e3o [&hellip;]<\/p>\n","protected":false},"author":2,"featured_media":0,"comment_status":"open","ping_status":"open","sticky":false,"template":"","format":"standard","meta":{"_links_to":"","_links_to_target":""},"categories":[1],"tags":[],"_links":{"self":[{"href":"https:\/\/www.ilheusnoticias.net.br\/v1\/wp-json\/wp\/v2\/posts\/2361"}],"collection":[{"href":"https:\/\/www.ilheusnoticias.net.br\/v1\/wp-json\/wp\/v2\/posts"}],"about":[{"href":"https:\/\/www.ilheusnoticias.net.br\/v1\/wp-json\/wp\/v2\/types\/post"}],"author":[{"embeddable":true,"href":"https:\/\/www.ilheusnoticias.net.br\/v1\/wp-json\/wp\/v2\/users\/2"}],"replies":[{"embeddable":true,"href":"https:\/\/www.ilheusnoticias.net.br\/v1\/wp-json\/wp\/v2\/comments?post=2361"}],"version-history":[{"count":1,"href":"https:\/\/www.ilheusnoticias.net.br\/v1\/wp-json\/wp\/v2\/posts\/2361\/revisions"}],"predecessor-version":[{"id":2362,"href":"https:\/\/www.ilheusnoticias.net.br\/v1\/wp-json\/wp\/v2\/posts\/2361\/revisions\/2362"}],"wp:attachment":[{"href":"https:\/\/www.ilheusnoticias.net.br\/v1\/wp-json\/wp\/v2\/media?parent=2361"}],"wp:term":[{"taxonomy":"category","embeddable":true,"href":"https:\/\/www.ilheusnoticias.net.br\/v1\/wp-json\/wp\/v2\/categories?post=2361"},{"taxonomy":"post_tag","embeddable":true,"href":"https:\/\/www.ilheusnoticias.net.br\/v1\/wp-json\/wp\/v2\/tags?post=2361"}],"curies":[{"name":"wp","href":"https:\/\/api.w.org\/{rel}","templated":true}]}}