{"id":2343,"date":"2016-11-05T15:59:09","date_gmt":"2016-11-05T18:59:09","guid":{"rendered":"http:\/\/www.ilheusnoticias.net.br\/v1\/?p=2343"},"modified":"2016-11-05T15:59:09","modified_gmt":"2016-11-05T18:59:09","slug":"clareamento-etica-e-trabalhos-cientificos-marcam-a-i-jornada-de-odontologia-da-faculdade-de-ilheus","status":"publish","type":"post","link":"https:\/\/www.ilheusnoticias.net.br\/v1\/2016\/11\/05\/clareamento-etica-e-trabalhos-cientificos-marcam-a-i-jornada-de-odontologia-da-faculdade-de-ilheus\/","title":{"rendered":"CLAREAMENTO, \u00c9TICA E TRABALHOS CIENT\u00cdFICOS MARCAM A I JORNADA DE ODONTOL\u00d3GIA DA FACULDADE DE ILH\u00c9US"},"content":{"rendered":"<p><a href=\"http:\/\/www.ilheusnoticias.net.br\/v1\/wp-content\/uploads\/2016\/11\/CLAREAMENTO.jpg\" rel=\"attachment wp-att-2344\"><img loading=\"lazy\" class=\"aligncenter size-medium wp-image-2344\" src=\"http:\/\/www.ilheusnoticias.net.br\/v1\/wp-content\/uploads\/2016\/11\/CLAREAMENTO-300x161.jpg\" alt=\"clareamento\" width=\"300\" height=\"161\" srcset=\"https:\/\/www.ilheusnoticias.net.br\/v1\/wp-content\/uploads\/2016\/11\/CLAREAMENTO-300x161.jpg 300w, https:\/\/www.ilheusnoticias.net.br\/v1\/wp-content\/uploads\/2016\/11\/CLAREAMENTO-1024x549.jpg 1024w, https:\/\/www.ilheusnoticias.net.br\/v1\/wp-content\/uploads\/2016\/11\/CLAREAMENTO.jpg 1280w\" sizes=\"(max-width: 300px) 100vw, 300px\" \/><\/a><\/p>\n<p>Oficina de clareamento dental, palestra sobre cuidados \u00e9ticos e a exposi\u00e7\u00e3o de trabalhos cient\u00edficos marcaram a I Jornada de Odontologia da Faculdade de Ilh\u00e9us, realizada entre os dias 20 e 22 de outubro, na sede da institui\u00e7\u00e3o, localizada na Avenida Tancredo Neves, \u00e0 margem da rodovia Ilh\u00e9us-Canavieiras. O coordenador do curso de Odontologia, professor F\u00e1bio Silveira, observa que a Jornada \u00e9 uma ferramenta importante no contexto do mercado, pela necessidade de inova\u00e7\u00e3o no aperfei\u00e7oamento t\u00e9cnico e crescimento intelectual de estudantes e profissionais do setor.<\/p>\n<p>Durante o evento destinado a estudantes de Odontologia e profissionais da \u00e1rea de sa\u00fade, foram oferecidos tamb\u00e9m minicursos e workshops, tendo como tema central \u201cInova\u00e7\u00e3o \u2013 O caminho para o sucesso na Odontologia.\u201d. Na abertura, a palestra sobre \u201cPublicidade, propaganda e marketing em Odontologia, orienta\u00e7\u00f5es legais e cuidados \u00e9ticos&#8221;, foi ministrada pelo professor Ulisses Anselmo da Silva, presidente da Comiss\u00e3o de \u00c9tica, do Conselho Regional de Odontologia CRO-BA.<\/p>\n<p>Prestigiaram a abertura o professor Almir Milanesi, diretor-geral da Faculdade de Ilh\u00e9us, F\u00e1bio Silveira de Souza, coordenador do curso de Odontologia da Faculdade de Ilh\u00e9us; professor David Moreira \u2013 coordenador cient\u00edfico do evento e delegado do Conselho Regional de Odontologia em Ilh\u00e9us; Helder Valiense \u2013 presidente da ABO- Regional Ilh\u00e9us e a acad\u00eamica Juliana Magnavita \u2013 presidente da comiss\u00e3o de formatura dos graduandos do 8\u00b0 semestre do curso de Odontologia da Faculdade de Ilh\u00e9us.<\/p>\n<p><!--more--><\/p>\n<p>Segundo o palestrante Ulisses Anselmo, \u201cdentro da profiss\u00e3o de odontologia, que a gente abra\u00e7a, que a gente ama, a gente tem que &#8211; principalmente para os alunos, na gradua\u00e7\u00e3o, que est\u00e3o come\u00e7ando, que n\u00e3o entraram ainda na cl\u00ednica &#8211; fazer com que eles entendam que o processo da \u00e9tica \u00e9 uma quest\u00e3o de valora\u00e7\u00e3o. Ent\u00e3o, n\u00e3o pode pensar s\u00f3 no dinheiro. Tem que pensar na rela\u00e7\u00e3o que ele vai ter com seus pacientes e, principalmente com os seus colegas, para que dessa rela\u00e7\u00e3o saia uma quest\u00e3o de confian\u00e7a no outro.\u201d<\/p>\n<p>\u201cA gente trabalhou bastante no c\u00f3digo de \u00e9tica: a quest\u00e3o do relacionamento como equipe profissional; o sigilo profissional que<\/p>\n<p>tem que haver em rela\u00e7\u00e3o ao tratamento odontol\u00f3gico, que \u00e9 realizado dentro do consult\u00f3rio, da cl\u00ednica; a rela\u00e7\u00e3o do aluno com o paciente que precisa dele, que vai ser atendido por ele, aquele paciente que n\u00e3o tem condi\u00e7\u00e3o e que precisa muito do profissional que o atenda. A rela\u00e7\u00e3o entre eles dois vai gerar, naturalmente, uma m\u00e3o dupla, da qual o paciente precisa do aluno e o aluno vai aprender com esse paciente. Ent\u00e3o, ele tem que ter respeito acima de tudo com esse paciente.\u201d, afirmou o professor.<\/p>\n<p>O \u201cFen\u00f3tipo Gengival e sua rela\u00e7\u00e3o com a Implantodontia\u201d, foi o tema da palestra do professor Ordener Miranda Martins de Souza, e \u201cRestaura\u00e7\u00f5es est\u00e9ticas diretas e indiretas\u201d, foi debatido pela professora Carine Monteiro. Houve palestra ainda palestra sobre \u201cLaserterapia na Odontologia\u201d, com o professor Adriano Monteiro, \u201cMarketing e Gest\u00e3o em Odontologia \u2013 Construindo empresas vencedoras\u201d, com o professor Alysson Ori\u00e1, e \u201cA crian\u00e7a e o adolescente do s\u00e9culo XXI\u201d, proferida pelo professor Nilton C\u00e9sar. Foram realizados minicursos sobre \u201cRegenera\u00e7\u00e3o Tecidual do Periodonto Apical\u201d, com o professor Henrique Braitt, e \u201cTrauma de Face\u201d, com o prof. David Moreira.<\/p>\n<p>Clareamento \u2013 O workshop de Clareamento foi realizada pelos professores da Cl\u00ednica de Dent\u00edstica do curso de Odontologia da Faculdade de Ilh\u00e9us. Na opini\u00e3o do coordenador da cl\u00ednica de Dent\u00edstica, especialista Luciano Tavares, \u201co atendimento foi exitoso. Esta \u00e9 a primeira experi\u00eancia de jornada de Odontologia, que a faculdade pioneira na regi\u00e3o vem fazendo, mas a comunidade teve a oportunidade de ter acesso a um servi\u00e7o, que \u00e9 praticamente exclusivo de uma popula\u00e7\u00e3o mais abastada. N\u00f3s tivemos aqui a comunidade carente sendo atendida com procedimento est\u00e9tico. Isso \u00e9 um paradigma que a faculdade vem quebrando, vem trazendo para o munic\u00edpio, para a popula\u00e7\u00e3o de Ilh\u00e9us.\u201d.<\/p>\n<p>Para o cl\u00ednico geral Lucas Barros, mestre e doutor em Dent\u00edstica Restauradora pela UNESP de Araraquara, \u201cna verdade, foi uma oportunidade que os alunos tiveram de aplicar aquilo que foi ensinado na teoria pela professora convidada, Adriana Carvalho, que deu uma palestra sobre Clareamento. E para que a pr\u00e1tica n\u00e3o ficasse longe do discurso, da teoria, por ideia do professor F\u00e1bio, n\u00f3s possibilitamos esse workshop, aonde eles puderam executar aquilo que foi aprendido ontem\u201d.<\/p>\n<p>Ele explicou ainda que \u201cexistem dois tipos de clareamento: o externo que \u00e9 esse que eles est\u00e3o fazendo aqui; e um que a gente chama de clareamento interno, ou end\u00f3geno, que s\u00e3o casos de dentes que sofreram tratamento de canal e ficam escurecidos. Este traz fragilidades, sim.\u201d. O evento contou com os seguintes patrocinadores: Terceira Via \u2013 Formaturas e Eventos, FGM,<\/p>\n<p>Uniodonto, Dra. Cherie \u2013 Prof. Daniele Maia, Dental Tech, Interface Digital, Bataclan, CRO-BA, Dental Cremer, Jardim Atl\u00e2ntico Beach Resort, Dra Maria Helena Ocke-Cl\u00ednica Jardins, Endo &#8211; Dr. Braitt, Sushi Massa e Funorte \u2013 n\u00facleo Ilh\u00e9us.<\/p>\n<p>&nbsp;<\/p>\n","protected":false},"excerpt":{"rendered":"<p>Oficina de clareamento dental, palestra sobre cuidados \u00e9ticos e a exposi\u00e7\u00e3o de trabalhos cient\u00edficos marcaram a I Jornada de Odontologia da Faculdade de Ilh\u00e9us, realizada entre os dias 20 e 22 de outubro, na sede da institui\u00e7\u00e3o, localizada na Avenida Tancredo Neves, \u00e0 margem da rodovia Ilh\u00e9us-Canavieiras. O coordenador do curso de Odontologia, professor F\u00e1bio [&hellip;]<\/p>\n","protected":false},"author":2,"featured_media":0,"comment_status":"open","ping_status":"open","sticky":false,"template":"","format":"standard","meta":{"_links_to":"","_links_to_target":""},"categories":[9],"tags":[127,128],"_links":{"self":[{"href":"https:\/\/www.ilheusnoticias.net.br\/v1\/wp-json\/wp\/v2\/posts\/2343"}],"collection":[{"href":"https:\/\/www.ilheusnoticias.net.br\/v1\/wp-json\/wp\/v2\/posts"}],"about":[{"href":"https:\/\/www.ilheusnoticias.net.br\/v1\/wp-json\/wp\/v2\/types\/post"}],"author":[{"embeddable":true,"href":"https:\/\/www.ilheusnoticias.net.br\/v1\/wp-json\/wp\/v2\/users\/2"}],"replies":[{"embeddable":true,"href":"https:\/\/www.ilheusnoticias.net.br\/v1\/wp-json\/wp\/v2\/comments?post=2343"}],"version-history":[{"count":1,"href":"https:\/\/www.ilheusnoticias.net.br\/v1\/wp-json\/wp\/v2\/posts\/2343\/revisions"}],"predecessor-version":[{"id":2345,"href":"https:\/\/www.ilheusnoticias.net.br\/v1\/wp-json\/wp\/v2\/posts\/2343\/revisions\/2345"}],"wp:attachment":[{"href":"https:\/\/www.ilheusnoticias.net.br\/v1\/wp-json\/wp\/v2\/media?parent=2343"}],"wp:term":[{"taxonomy":"category","embeddable":true,"href":"https:\/\/www.ilheusnoticias.net.br\/v1\/wp-json\/wp\/v2\/categories?post=2343"},{"taxonomy":"post_tag","embeddable":true,"href":"https:\/\/www.ilheusnoticias.net.br\/v1\/wp-json\/wp\/v2\/tags?post=2343"}],"curies":[{"name":"wp","href":"https:\/\/api.w.org\/{rel}","templated":true}]}}