{"id":2337,"date":"2016-11-05T15:45:46","date_gmt":"2016-11-05T18:45:46","guid":{"rendered":"http:\/\/www.ilheusnoticias.net.br\/v1\/?p=2337"},"modified":"2016-11-05T15:45:46","modified_gmt":"2016-11-05T18:45:46","slug":"empresario-ilheense-causou-acidente-que-deixou-quatro-pessoas-da-mesma-familia-mortas","status":"publish","type":"post","link":"https:\/\/www.ilheusnoticias.net.br\/v1\/2016\/11\/05\/empresario-ilheense-causou-acidente-que-deixou-quatro-pessoas-da-mesma-familia-mortas\/","title":{"rendered":"Empres\u00e1rio ilheense causou acidente que deixou quatro pessoas da mesma fam\u00edlia mortas"},"content":{"rendered":"<div class=\"Post\"><\/div>\n<div class=\"Post\">\n<div class=\"Post-body\">\n<div class=\"Post-inner article\">\n<div class=\"PostContent\">\n<div id=\"attachment_55173\" class=\"wp-caption alignright\"><a href=\"http:\/\/www.agravo.blog.br\/wp-content\/uploads\/2016\/11\/acidente.jpg\"><img loading=\"lazy\" class=\"size-medium wp-image-55173\" src=\"http:\/\/www.agravo.blog.br\/wp-content\/uploads\/2016\/11\/acidente-300x181.jpg\" alt=\"Foto do site Itapetinga Agora.\" width=\"300\" height=\"181\" \/><\/a><\/p>\n<p class=\"wp-caption-text\"><strong><em>Foto do site Itapetinga Agora.<\/em><\/strong><\/p>\n<\/div>\n<p>Quatro pessoas de uma mesma fam\u00edlia, entre elas uma crian\u00e7a de dez anos, morreram depois de uma colis\u00e3o frontal na altura do km-618 da BA-130, na ultima quarta-feira (2). A fam\u00edlia retornava para Itoror\u00f3, depois de passar o feriado de Finados em Firmino Alves, na regi\u00e3o sul da Bahia.<\/p>\n<p>Segundo informa\u00e7\u00f5es da Pol\u00edcia Rodovi\u00e1ria Estadual (PRE), o ve\u00edculo Celta onde estava \u00e0 fam\u00edlia colidiu frontalmente com outro carro, um Fiat Toro, dirigido pelo empres\u00e1rio ilheense Renato Viana Moreno, propriet\u00e1rio da cabana Gabriela.<\/p>\n<div id=\"attachment_55172\" class=\"wp-caption alignleft\"><a href=\"http:\/\/www.agravo.blog.br\/wp-content\/uploads\/2016\/11\/renato-moreno.png\"><img loading=\"lazy\" class=\" wp-image-55172\" src=\"http:\/\/www.agravo.blog.br\/wp-content\/uploads\/2016\/11\/renato-moreno-275x300.png\" alt=\"O empres\u00e1rio Jorge Moreno estava embriagado, disse o delegado. \" width=\"196\" height=\"214\" \/><\/a><\/p>\n<p class=\"wp-caption-text\"><em><strong>O empres\u00e1rio Jorge Moreno estava embriagado, disse o delegado.<\/strong><\/em><\/p>\n<\/div>\n<p>Segundo o delegado Marcos Larocca, o empres\u00e1rio Renato Moreno estava embriagado e invadiu a contra m\u00e3o, ocasionando o acidente.<\/p>\n<p>Sandra da Silva Gon\u00e7alves, a \u00fanica sobrevivente da batida, teve ferimentos no pesco\u00e7o e na perna, mas perdeu a m\u00e3e, o pai, o irm\u00e3o e a filha ca\u00e7ula. Ela relatou que o irm\u00e3o estava dirigindo e quando viu o outro carro desgovernado foi para o acostamento pra evitar o acidente, mas n\u00e3o adiantou.<\/p>\n<p>\u201cEle pegou a gente no acostamento. Quando ele jogou de frente o nosso carro rodou foi para o outro lado e o dele foi para a ribanceira. Minha filha morreu nos meus bra\u00e7os, minha m\u00e3e morreu do meu lado e eu aparava o sangue do meu irm\u00e3o para reanimar\u201d, disse Sandra.<\/p>\n<p>Renato sofreu ferimentos leves e foi socorrido pelo Servi\u00e7o de Atendimento M\u00f3vel de Urg\u00eancia (Samu) at\u00e9 o Hospital Cristo Redentor, em Itapetinga. De acordo com a pol\u00edcia ele apresentou sinais de embriaguez. A PRE informou que o empres\u00e1rio deixou o hospital sem comunicar a sa\u00edda para a equipe m\u00e9dica. *Com informa\u00e7\u00f5es do G1\/Bahia.<\/p>\n<\/div>\n<\/div>\n<\/div>\n<\/div>\n","protected":false},"excerpt":{"rendered":"<p>Foto do site Itapetinga Agora. Quatro pessoas de uma mesma fam\u00edlia, entre elas uma crian\u00e7a de dez anos, morreram depois de uma colis\u00e3o frontal na altura do km-618 da BA-130, na ultima quarta-feira (2). A fam\u00edlia retornava para Itoror\u00f3, depois de passar o feriado de Finados em Firmino Alves, na regi\u00e3o sul da Bahia. Segundo [&hellip;]<\/p>\n","protected":false},"author":2,"featured_media":0,"comment_status":"open","ping_status":"open","sticky":false,"template":"","format":"standard","meta":{"_links_to":"","_links_to_target":""},"categories":[5],"tags":[125],"_links":{"self":[{"href":"https:\/\/www.ilheusnoticias.net.br\/v1\/wp-json\/wp\/v2\/posts\/2337"}],"collection":[{"href":"https:\/\/www.ilheusnoticias.net.br\/v1\/wp-json\/wp\/v2\/posts"}],"about":[{"href":"https:\/\/www.ilheusnoticias.net.br\/v1\/wp-json\/wp\/v2\/types\/post"}],"author":[{"embeddable":true,"href":"https:\/\/www.ilheusnoticias.net.br\/v1\/wp-json\/wp\/v2\/users\/2"}],"replies":[{"embeddable":true,"href":"https:\/\/www.ilheusnoticias.net.br\/v1\/wp-json\/wp\/v2\/comments?post=2337"}],"version-history":[{"count":1,"href":"https:\/\/www.ilheusnoticias.net.br\/v1\/wp-json\/wp\/v2\/posts\/2337\/revisions"}],"predecessor-version":[{"id":2338,"href":"https:\/\/www.ilheusnoticias.net.br\/v1\/wp-json\/wp\/v2\/posts\/2337\/revisions\/2338"}],"wp:attachment":[{"href":"https:\/\/www.ilheusnoticias.net.br\/v1\/wp-json\/wp\/v2\/media?parent=2337"}],"wp:term":[{"taxonomy":"category","embeddable":true,"href":"https:\/\/www.ilheusnoticias.net.br\/v1\/wp-json\/wp\/v2\/categories?post=2337"},{"taxonomy":"post_tag","embeddable":true,"href":"https:\/\/www.ilheusnoticias.net.br\/v1\/wp-json\/wp\/v2\/tags?post=2337"}],"curies":[{"name":"wp","href":"https:\/\/api.w.org\/{rel}","templated":true}]}}