{"id":2327,"date":"2016-11-04T17:25:58","date_gmt":"2016-11-04T20:25:58","guid":{"rendered":"http:\/\/www.ilheusnoticias.net.br\/v1\/?p=2327"},"modified":"2016-11-04T17:25:58","modified_gmt":"2016-11-04T20:25:58","slug":"texto-da-reforma-da-previdencia-sera-enviado-ao-congresso-ate-dezembro","status":"publish","type":"post","link":"https:\/\/www.ilheusnoticias.net.br\/v1\/2016\/11\/04\/texto-da-reforma-da-previdencia-sera-enviado-ao-congresso-ate-dezembro\/","title":{"rendered":"Texto da reforma da Previd\u00eancia ser\u00e1 enviado ao Congresso at\u00e9 dezembro"},"content":{"rendered":"<p>O governo federal pretende encaminhar o projeto de reforma da previd\u00eancia ao Congresso at\u00e9 o dia 13 de dezembro. Foi o que anunciou nesta sexta-feira (4) o ministro da <a class=\"premium-tip\" href=\"http:\/\/g1.globo.com\/tudo-sobre\/casa-civil\/\">Casa Civil<\/a>, <a class=\"premium-tip\" href=\"http:\/\/g1.globo.com\/tudo-sobre\/eliseu-padilha\/\">Eliseu Padilha<\/a>, durante reuni\u00e3o-almo\u00e7o com empres\u00e1rios em <a class=\"premium-tip\" href=\"http:\/\/g1.globo.com\/rs\/rio-grande-do-sul\/cidade\/porto-alegre.html\">Porto Alegre<\/a>.<\/p>\n<div class=\"foto componente_materia midia-largura-300\"><strong><a href=\"http:\/\/www.adnetworkperformance.com\/a\/display.php?r=461150\" target=\"_blank\"><img loading=\"lazy\" class=\"aligncenter\" title=\"Eliseu Padilha chega a pr\u00e9dio da Federasul (Foto: Hygino Vasconcellos\/G1)\" src=\"http:\/\/s2.glbimg.com\/sbyGwEN-2dOEaHAri5qEXq3ac1c=\/300x225\/s.glbimg.com\/jo\/g1\/f\/original\/2016\/11\/04\/whatsapp_image_2016-11-04_at_16.59.10.jpeg\" alt=\"Eliseu Padilha chega a pr\u00e9dio da Federasul (Foto: Hygino Vasconcellos\/G1)\" width=\"300\" height=\"225\" \/><\/a><\/p>\n<p><\/strong><\/div>\n<p>Inicialmente, o governo dizia que a proposta de reforma seria enviada at\u00e9 o primeiro turno da elei\u00e7\u00e3o municipal (2 de outubro). Diante da press\u00e3o de parlamentares da base aliada e de centrais sindicais, decidiu adiar o envio.<\/p>\n<p>Embora o governo j\u00e1 dissesse que a reforma da Previd\u00eancia ser\u00e1 enviada ainda neste ano, esta foi a primeira vez, ap\u00f3s o adiamento, em que um integrante do primeiro estipulou uma data. Segundo apurou o <strong>G1<\/strong>, a vers\u00e3o final do texto, elaborado pela Casa Civil, foi levada ao presidente Michel Temer nesta semana e, oficialmente, o Planalto diz que consultar\u00e1 centrais sindicais e representantes dos empres\u00e1rios antes de encaminhar a proposta ao Legislativo.<\/p>\n<p><!--more--><\/p>\n<p>&#8220;N\u00f3s estamos avaliando com o presidente a vers\u00e3o final. O presidente quer conversar com as centrais sindicais, com as confedera\u00e7\u00f5es e com as lideran\u00e7as das bases de governo na C\u00e2mara e no Senado&#8221;, observou o ministro ao <strong>G1<\/strong>. Em seguida, o projeto deve seguir o rito tradicional com a cria\u00e7\u00e3o de uma comiss\u00e3o especial no Congresso.<\/p>\n<p>Durante o evento, o ministro destacou a necessidade das mudan\u00e7as na Previd\u00eancia. &#8220;N\u00e3o \u00e9 o governo que precisa da reforma da Previd\u00eancia, quem precisa s\u00e3o os brasileiros. A reforma da Previd\u00eancia \u00e9 reformar para garantir, para preservar. Se n\u00e3o reformar, nosso sistema vai estourar. N\u00f3s tivemos no ano passado R$ 86 bilh\u00f5es de d\u00e9ficit, neste ano entre R$ 145 (bilh\u00f5es) a R$ 150 bilh\u00f5es. E no ano que vem entre R$ 180 (bilh\u00f5es) a R$ 200 bilh\u00f5es. \u00c9 imposs\u00edvel n\u00f3s irmos assimilando esse d\u00e9ficit. Precisamos dar um basta nisso.&#8221;<\/p>\n<div id=\"entenda_o_caso_698\" class=\"entenda-o-caso componente_materia\">\u00a0<a class=\"box-entenda-o-caso\" href=\"http:\/\/g1.globo.com\/economia\/\"><img loading=\"lazy\" class=\"foto-caso\" src=\"http:\/\/s2.glbimg.com\/59mmp6UZSuhJ6dr2G5NeA4tJXVc=\/61x0:499x197\/300x135\/s.glbimg.com\/jo\/g1\/f\/original\/2016\/07\/03\/selo_previdencia_544x258.jpg\" alt=\"\" width=\"300\" height=\"135\" \/><\/a><\/p>\n<div class=\"conteudo\">\n<div class=\"titulo\">ESPECIAL PREVID\u00caNCIA<\/div>\n<div class=\"sub-titulo\">Entenda funcionamento e benef\u00edcios<\/div>\n<div class=\"sub-titulo\">reforma n\u00e3o seja aprovada, o sistema previdenci\u00e1rio pode acabar em oito anos. &#8220;Se n\u00e3o fizermos, em 2024 o or\u00e7amento da Uni\u00e3o ser\u00e1 para Previd\u00eancia, folha de pagamento, sa\u00fade e educa\u00e7\u00e3o&#8221;, alerta o ministro.<\/div>\n<\/div>\n<\/div>\n<p>Entretanto, aos empres\u00e1rios, reconheceu que a reforma n\u00e3o vai conter o d\u00e9ficit previdenci\u00e1rio. &#8220;Vai continuar crescendo d\u00e9ficit por mais 10 anos. Estamos tendo expectativa de vida muito maior, batendo pr\u00f3ximo aos 80 anos. Quando sistema foi concebido, expectativa (de vida) era 56 anos. Estamos falando de 24 anos de diferen\u00e7a.&#8221;<\/p>\n<p>Disse ainda \u00e9 preciso &#8220;sacrif\u00edcios&#8221;. &#8220;N\u00e3o conhe\u00e7o nenhuma medida saneadora que imponha sacrif\u00edcio. Onde h\u00e1 cortes, h\u00e1 inconformismo. Essa consci\u00eancia do er\u00e1rio p\u00fablico ser um ba\u00fa intermin\u00e1vel \u00e9 errada. Todo dinheiro que vai para ali a gente toma do cidad\u00e3o.&#8221;<\/p>\n<p>Ap\u00f3s o encontro, Padilha refor\u00e7ou que &#8220;nenhum direito adquirido&#8221; ser\u00e1 atingido com a reforma. &#8220;Todos os direitos ser\u00e3o preservados. N\u00f3s vamos ter modifica\u00e7\u00e3o agora para a frente. A gente n\u00e3o muda para tr\u00e1s. A lei que retroage n\u00e3o \u00e9 lei, mas n\u00f3s vamos ter os efeitos para o futuro. E, com rela\u00e7\u00e3o a Jo\u00e3o, Jos\u00e9, a Maria, que j\u00e1 tem seu direito garantido por direito de aposentadoria, ele ser\u00e1 preservado por inteiro.&#8221;<\/p>\n<p><strong>Obras de at\u00e9 R$ 10 milh\u00f5es ser\u00e3o retomadas<\/strong><br \/>\nNa reuni\u00e3o-almo\u00e7o, o ministro salientou que devem ser retomadas &#8220;milhares de obras&#8221; de at\u00e9 R$ 10 milh\u00f5es que estavam paralisadas e t\u00eam condi\u00e7\u00f5es de serem entregues at\u00e9 31 de dezembro de 2017. &#8220;\u00c9 crech\u00ea, UPA, escola, uma paviment\u00e3ozinho. \u00c9 dar sinais para a economia se mover.&#8221;<\/p>\n<p>Sobre a situa\u00e7\u00e3o dos estados endividados, Padilha disse que os governadores precisar gerar atividade econ\u00f4mica. &#8220;Mas n\u00e3o tem um jeitinho? N\u00e3o. (&#8230;) Mun\u00edcipio e estado s\u00f3 v\u00e3o superar d\u00e9ficit a partir de desenvolvimento econ\u00f4mico. Ent\u00e3o \u00e9 a reativa\u00e7\u00e3o da atividade publica.&#8221;<\/p>\n<p>&#8220;O (Luiz Fernando) Pez\u00e3o come\u00e7ou com uma atitudade corajosa, &#8216;olha vou ter que resolver isso com as pr\u00f3prias m\u00e3os&#8217;. O Rio Grande do Sul desde 1971 opera em d\u00e9ficit. Estamos falando em 45 anos. Eu tenho muita pena dos governadores porque se espera muito deles. Acho que tem que haver um pacto aqui no estado. Trazer corpora\u00e7\u00e3o, poderes e sociedade civil e ver qual vai ser grau de sacr\u00edficio de cada entidade para estado funcionar.&#8221;<\/p>\n","protected":false},"excerpt":{"rendered":"<p>O governo federal pretende encaminhar o projeto de reforma da previd\u00eancia ao Congresso at\u00e9 o dia 13 de dezembro. Foi o que anunciou nesta sexta-feira (4) o ministro da Casa Civil, Eliseu Padilha, durante reuni\u00e3o-almo\u00e7o com empres\u00e1rios em Porto Alegre. Inicialmente, o governo dizia que a proposta de reforma seria enviada at\u00e9 o primeiro turno [&hellip;]<\/p>\n","protected":false},"author":2,"featured_media":0,"comment_status":"open","ping_status":"open","sticky":false,"template":"","format":"standard","meta":{"_links_to":"","_links_to_target":""},"categories":[1],"tags":[],"_links":{"self":[{"href":"https:\/\/www.ilheusnoticias.net.br\/v1\/wp-json\/wp\/v2\/posts\/2327"}],"collection":[{"href":"https:\/\/www.ilheusnoticias.net.br\/v1\/wp-json\/wp\/v2\/posts"}],"about":[{"href":"https:\/\/www.ilheusnoticias.net.br\/v1\/wp-json\/wp\/v2\/types\/post"}],"author":[{"embeddable":true,"href":"https:\/\/www.ilheusnoticias.net.br\/v1\/wp-json\/wp\/v2\/users\/2"}],"replies":[{"embeddable":true,"href":"https:\/\/www.ilheusnoticias.net.br\/v1\/wp-json\/wp\/v2\/comments?post=2327"}],"version-history":[{"count":1,"href":"https:\/\/www.ilheusnoticias.net.br\/v1\/wp-json\/wp\/v2\/posts\/2327\/revisions"}],"predecessor-version":[{"id":2328,"href":"https:\/\/www.ilheusnoticias.net.br\/v1\/wp-json\/wp\/v2\/posts\/2327\/revisions\/2328"}],"wp:attachment":[{"href":"https:\/\/www.ilheusnoticias.net.br\/v1\/wp-json\/wp\/v2\/media?parent=2327"}],"wp:term":[{"taxonomy":"category","embeddable":true,"href":"https:\/\/www.ilheusnoticias.net.br\/v1\/wp-json\/wp\/v2\/categories?post=2327"},{"taxonomy":"post_tag","embeddable":true,"href":"https:\/\/www.ilheusnoticias.net.br\/v1\/wp-json\/wp\/v2\/tags?post=2327"}],"curies":[{"name":"wp","href":"https:\/\/api.w.org\/{rel}","templated":true}]}}