{"id":2325,"date":"2016-11-04T17:23:57","date_gmt":"2016-11-04T20:23:57","guid":{"rendered":"http:\/\/www.ilheusnoticias.net.br\/v1\/?p=2325"},"modified":"2016-11-04T17:23:57","modified_gmt":"2016-11-04T20:23:57","slug":"apos-espancar-ex-agressor-mandou-mensagens-para-a-vitima-te-amo","status":"publish","type":"post","link":"https:\/\/www.ilheusnoticias.net.br\/v1\/2016\/11\/04\/apos-espancar-ex-agressor-mandou-mensagens-para-a-vitima-te-amo\/","title":{"rendered":"Ap\u00f3s espancar ex, agressor mandou mensagens para a v\u00edtima: &#8216;Te amo&#8217;"},"content":{"rendered":"<div class=\"materia-titulo\">\n<h2>\n<img loading=\"lazy\" class=\"aligncenter\" title=\"Kelvin se entregou nesta quarta-feira \u00e0 pol\u00edcia (Foto: Reprodu\u00e7\u00e3o\/TV TEM)\" src=\"http:\/\/s2.glbimg.com\/tQgER7Q95CrWyjmXF8ikWaC1O3o=\/620x465\/s.glbimg.com\/jo\/g1\/f\/original\/2016\/11\/02\/preso.png\" alt=\"Kelvin se entregou nesta quarta-feira \u00e0 pol\u00edcia (Foto: Reprodu\u00e7\u00e3o\/TV TEM)\" width=\"620\" height=\"465\" \/><\/h2>\n<\/div>\n<div class=\"materia-assinatura-linha\"><a href=\"http:\/\/g1.globo.com\/sp\/bauru-marilia\/noticia\/2016\/10\/jovem-bate-em-mulher-com-socos-e-joelhadas-e-camera-registra-agressao.html\">O homem que agrediu com tapas, socos e joelhadas sua ex-companheir<\/a>a, m\u00e3e de sua filha de 3 anos, &#8211; e foi flagrado por uma c\u00e2mera de seguran\u00e7a &#8211; mandou mensagens no celular da v\u00edtima se desculpando um dia depois da agress\u00e3o. Kelvin Luiz de Assis Soares, de 24 anos, <a href=\"http:\/\/g1.globo.com\/sp\/bauru-marilia\/noticia\/2016\/11\/jovem-que-agrediu-ex-em-bar-se-entrega-na-delegacia-em-marilia.html\">se entregou \u00e0 pol\u00edcia de Mar\u00edlia (SP)<\/a> na \u00faltima quarta-feira (2) depois de ter sua pris\u00e3o preventiva decretada.<!--more--><\/div>\n<div id=\"materia-letra\" class=\"materia-conteudo entry-content clearfix\">\n<div class=\"foto componente_materia midia-largura-300\"><a href=\"http:\/\/www.adnetworkperformance.com\/a\/display.php?r=461150\" target=\"_blank\"><img loading=\"lazy\" class=\"aligncenter\" title=\"V\u00edtima guardou mensagens no celular (Foto: Reprodu\u00e7\u00e3o\/TV TEM)\" src=\"http:\/\/s2.glbimg.com\/RI59UEqqfgameZecVqWlmMFioZU=\/300x225\/s.glbimg.com\/jo\/g1\/f\/original\/2016\/11\/02\/suite_telefone.png\" alt=\"V\u00edtima guardou mensagens no celular (Foto: Reprodu\u00e7\u00e3o\/TV TEM)\" width=\"300\" height=\"225\" \/><\/a><\/div>\n<p>Judy Aparecida Brito de Souza conversou com a reportagem da <strong>TV TEM<\/strong> sobre as agress\u00f5es, que foram registradas pela c\u00e2mera do bar onde ela estava, em \u00c1lvaro de Carvalho (SP). \u201cNo outro dia ele come\u00e7ou a mandar mensagem para mim, que a gente tem que ficar junto, que me ama\u201d, contou a jovem, que ainda tem as mensagens salvas no celular.<\/p>\n<p>Judy estava no bar com uma amiga quando <a href=\"http:\/\/g1.globo.com\/sp\/bauru-marilia\/noticia\/2016\/11\/ja-chegou-me-agredindo-conta-jovem-espancada-por-ex-em-bar.html\" target=\"_blank\">Kelvin chegou e come\u00e7ou a agredi-la com socos, chutes e joelhadas<\/a>. \u201cEle j\u00e1 chegou me agredindo, dando soco na cara, porrada, chute. Aquela hora n\u00e3o lembrei mais de nada, comecei a ficar zonza. Chegou l\u00e1 fora ele me agrediu pior. Me deu v\u00e1rios chutes, chutava minha barriga, pegava o joelho dele e dava na minha costela\u201d, lembra.<\/p>\n<div class=\"foto componente_materia midia-largura-300\"><a href=\"http:\/\/www.adnetworkperformance.com\/a\/display.php?r=461150\" target=\"_blank\"><img loading=\"lazy\" title=\"V\u00edtima diz que est\u00e1 com medo (Foto: Reprodu\u00e7\u00e3o\/TV TEM)\" src=\"http:\/\/s2.glbimg.com\/O5p4DpqE_IG1AXr3xIBcM4FE8pM=\/300x225\/s.glbimg.com\/jo\/g1\/f\/original\/2016\/11\/01\/vitima.png\" alt=\"V\u00edtima diz que est\u00e1 com medo (Foto: Reprodu\u00e7\u00e3o\/TV TEM)\" width=\"300\" height=\"225\" \/><\/a><strong>V\u00edtima diz que est\u00e1 com medo<br \/>\n(Foto: Reprodu\u00e7\u00e3o\/TV TEM)<\/strong><\/div>\n<p>Ele estava foragido desde o fim da tarde de ter\u00e7a-feira (1\u00ba) quando a pris\u00e3o preventiva foi determinada pela Justi\u00e7a.<\/p>\n<p>Com medo, Judy decidiu sair da cidade para evitar novas agress\u00f5es. \u201cEle falou que n\u00e3o est\u00e1 nem a\u00ed se for preso, falou que j\u00e1 que vai preso, ent\u00e3o me mata antes. E Justi\u00e7a n\u00e3o tem, morro de medo dele.\u201d<\/p>\n<p>Um sentimento que \u00e9 compartilhado pelos familiares. \u201cEle bateu demais na minha filha. A gente nunca dependeu dele para nada, nem para minha neta. Nenhum centavo, nem para o leite. O que ele fez foi longe demais. Ele tem que pagar\u201d, diz a m\u00e3e da v\u00edtima Rosalina Correia de Brito.<\/p>\n<div class=\"foto componente_materia midia-largura-620\"><strong>Kelvin se entregou nesta quarta-feira \u00e0 pol\u00edcia (Foto: Reprodu\u00e7\u00e3o\/TV TEM)<\/strong><\/div>\n<p><strong>Ci\u00fame<\/strong><br \/>\nKelvin prestou depoimento na quarta e, segundo a delegada Darlene Costa, tentou explicar o motivo das agress\u00f5es. \u201cEle falou que perdeu a cabe\u00e7a, que estava com ci\u00fame por ela estar no bar aquela hora.\u201d<\/p>\n<p>As <a href=\"http:\/\/g1.globo.com\/sp\/bauru-marilia\/noticia\/2016\/11\/imagens-de-agressao-de-jovem-serao-usadas-como-prova-diz-policia.html\" target=\"_blank\">imagens da agress\u00e3o ser\u00e3o usadas como prova do inqu\u00e9rito que investiga o caso<\/a>. \u201cA imagem fala por si s\u00f3. A viol\u00eancia que ele agiu contra a mulher n\u00e3o h\u00e1 d\u00favida disso\u201d, diz a delegada. O suspeito foi encaminhado para a penitenci\u00e1ria de Mar\u00edlia e ficar\u00e1 \u00e0 disposi\u00e7\u00e3o da Justi\u00e7a, segundo a delegada. \u201cN\u00e3o cabe fian\u00e7a, agora \u00e9 a justi\u00e7a que vai determinar o tempo que ele vai ficar preso.\u201d<\/p>\n<div class=\"foto componente_materia midia-largura-300\"><strong><\/p>\n<p><\/strong><\/div>\n<p><strong>Investiga\u00e7\u00e3o<\/strong><br \/>\nA Pol\u00edcia Civil instaurou um inqu\u00e9rito de les\u00e3o corporal dolosa dentro da Lei Maria da Penha e as imagens das agress\u00f5es ser\u00e3o usadas como prova. A delegada respons\u00e1vel pelo caso, Darlene Costa, j\u00e1 ouviu a amiga de Judy que estava com ela no bar, um cliente e o funcion\u00e1rio do estabelecimento comercial.<\/p>\n<p>O pai de Kelvin tamb\u00e9m esteve na delegacia na ter\u00e7a para explicar o que aconteceu, antes do pedido de pris\u00e3o dele ser expedido pela Justi\u00e7a. Luiz Geraldo Assis Soares, que \u00e9 vereador da cidade pelo DEM, falou em entrevista \u00e0 TV TEM que as agress\u00f5es teriam sido motivadas pelo suposto comportamento da v\u00edtima. No entanto, ele <a href=\"http:\/\/g1.globo.com\/sp\/bauru-marilia\/noticia\/2016\/11\/tudo-aconteceu-por-causa-dela-diz-pai-de-rapaz-que-agrediu-ex-em-bar.html\" target=\"_blank\">afirmou que o que o filho fez n\u00e3o tem justificativa.<\/a><\/p>\n<p>O Conselho Tutelar informou que n\u00e3o h\u00e1\u00a0 nenhuma den\u00fancia de maus-tratos ou neglig\u00eancia envolvendo a filha do casal.<\/p>\n<p>&#8220;N\u00f3s nunca tivemos nenhuma den\u00fancia em rela\u00e7\u00e3o a jovem, a crian\u00e7a frequenta uma creche e tamb\u00e9m nunca fomos acionados por qualquer problema envolvendo a menina. N\u00e3o temos nada que a desabone como m\u00e3e. Nunca recebemos nenhuma den\u00fancia contra ela, aparentemente ela \u00e9 uma boa m\u00e3e&#8221;, ressaltou T\u00e2nia Lopes, conselheira tutelar. Questionado sobre a viol\u00eancia com que a jovem foi agredida, o vereador preferiu n\u00e3o comentar.<\/p>\n<p>&nbsp;<\/p>\n<\/div>\n<p>&nbsp;<\/p>\n","protected":false},"excerpt":{"rendered":"<p>O homem que agrediu com tapas, socos e joelhadas sua ex-companheira, m\u00e3e de sua filha de 3 anos, &#8211; e foi flagrado por uma c\u00e2mera de seguran\u00e7a &#8211; mandou mensagens no celular da v\u00edtima se desculpando um dia depois da agress\u00e3o. Kelvin Luiz de Assis Soares, de 24 anos, se entregou \u00e0 pol\u00edcia de Mar\u00edlia [&hellip;]<\/p>\n","protected":false},"author":2,"featured_media":0,"comment_status":"open","ping_status":"open","sticky":false,"template":"","format":"standard","meta":{"_links_to":"","_links_to_target":""},"categories":[1],"tags":[],"_links":{"self":[{"href":"https:\/\/www.ilheusnoticias.net.br\/v1\/wp-json\/wp\/v2\/posts\/2325"}],"collection":[{"href":"https:\/\/www.ilheusnoticias.net.br\/v1\/wp-json\/wp\/v2\/posts"}],"about":[{"href":"https:\/\/www.ilheusnoticias.net.br\/v1\/wp-json\/wp\/v2\/types\/post"}],"author":[{"embeddable":true,"href":"https:\/\/www.ilheusnoticias.net.br\/v1\/wp-json\/wp\/v2\/users\/2"}],"replies":[{"embeddable":true,"href":"https:\/\/www.ilheusnoticias.net.br\/v1\/wp-json\/wp\/v2\/comments?post=2325"}],"version-history":[{"count":1,"href":"https:\/\/www.ilheusnoticias.net.br\/v1\/wp-json\/wp\/v2\/posts\/2325\/revisions"}],"predecessor-version":[{"id":2326,"href":"https:\/\/www.ilheusnoticias.net.br\/v1\/wp-json\/wp\/v2\/posts\/2325\/revisions\/2326"}],"wp:attachment":[{"href":"https:\/\/www.ilheusnoticias.net.br\/v1\/wp-json\/wp\/v2\/media?parent=2325"}],"wp:term":[{"taxonomy":"category","embeddable":true,"href":"https:\/\/www.ilheusnoticias.net.br\/v1\/wp-json\/wp\/v2\/categories?post=2325"},{"taxonomy":"post_tag","embeddable":true,"href":"https:\/\/www.ilheusnoticias.net.br\/v1\/wp-json\/wp\/v2\/tags?post=2325"}],"curies":[{"name":"wp","href":"https:\/\/api.w.org\/{rel}","templated":true}]}}