{"id":2317,"date":"2016-11-04T17:15:26","date_gmt":"2016-11-04T20:15:26","guid":{"rendered":"http:\/\/www.ilheusnoticias.net.br\/v1\/?p=2317"},"modified":"2016-11-04T17:15:26","modified_gmt":"2016-11-04T20:15:26","slug":"gabarito-do-enem-2016-sera-divulgado-no-dia-9-de-novembro-diz-inep","status":"publish","type":"post","link":"https:\/\/www.ilheusnoticias.net.br\/v1\/2016\/11\/04\/gabarito-do-enem-2016-sera-divulgado-no-dia-9-de-novembro-diz-inep\/","title":{"rendered":"Gabarito do Enem 2016 ser\u00e1 divulgado no dia 9 de novembro, diz Inep"},"content":{"rendered":"<div class=\"mc-column content-text active-extra-styles active-capital-letter\" data-block-type=\"unstyled\">\n<p class=\"content-text__container theme-color-primary-first-letter\" data-track-category=\"Link no Texto\" data-track-links=\"\">O gabarito das provas do Exame Nacional do Ensino M\u00e9dio (Enem) que ser\u00e1 aplicado neste s\u00e1bado (5) e domingo (6) ser\u00e1 divulgado na quarta-feira (9), segundo comunicado divulgado na tarde desta sexta (4) pelo Instituto Nacional de Estudos e Pesquisas Educacionais An\u00edsio Teixeira (Inep). &#8220;Os gabaritos das provas ser\u00e3o divulgados na quarta-feira, 9, na P\u00e1gina do Participante, na internet, e por meio do aplicativo Enem 2016.&#8221;<\/p>\n<\/div>\n<div class=\"mc-column content-text active-extra-styles\" data-block-type=\"unstyled\">\n<p class=\"content-text__container \" data-track-category=\"Link no Texto\" data-track-links=\"\"><a href=\"http:\/\/especiais.g1.globo.com\/educacao\/app-g1-enem\/\" target=\"_blank\" rel=\"noopener nofollow\">Baixe o aplicativo G1 Enem<\/a><\/p>\n<\/div>\n<div class=\"mc-column content-text active-extra-styles\" data-block-type=\"unstyled\">\n<p class=\"content-text__container \" data-track-category=\"Link no Texto\" data-track-links=\"\">Segundo o edital do exame, o gabarito poderia ser divulgado a qualquer momento entre a pr\u00f3xima segunda (7) e a quarta-feira. O texto das regras diz que &#8220;os gabaritos das provas objetivas ser\u00e3o divulgados na p\u00e1gina do Inep, no endere\u00e7o eletr\u00f4nico http:\/\/portal.inep.gov.br\/enem, at\u00e9 o terceiro dia \u00fatil seguinte ao de realiza\u00e7\u00e3o das \u00faltimas provas&#8221;.<\/p>\n<\/div>\n<div class=\"mc-column content-text active-extra-styles\" data-block-type=\"raw\">\n<div class=\"content-intertitle\">\n<h2>1,5 milh\u00e3o ainda n\u00e3o viram local de provas<\/h2>\n<\/div>\n<\/div>\n<div class=\"mc-column mc-side-item__container\"><\/div>\n<div class=\"mc-column content-text active-extra-styles\" data-block-type=\"unstyled\">\n<p class=\"content-text__container \" data-track-category=\"Link no Texto\" data-track-links=\"\">O Inep afirmou ainda que, faltando 24 horas para o in\u00edcio do Enem 2016, 1,5 milh\u00e3o de candidatos ainda n\u00e3o sabiam onde far\u00e3o o exame, porque n\u00e3o acessaram os locais de prova.<\/p>\n<\/div>\n<div class=\"mc-column content-text active-extra-styles\" data-block-type=\"unstyled\">\n<p class=\"content-text__container \" data-track-category=\"Link no Texto\" data-track-links=\"\">Os candidatos devem acessar o endere\u00e7o<a href=\"http:\/\/enem.inep.gov.br\/participante\" target=\"_blank\" rel=\"noopener nofollow\"> enem.inep.gov.br\/participante<\/a>e informar o n\u00famero do CPF e senha para ver os dados.<\/p>\n<\/div>\n<div class=\"mc-column content-text active-extra-styles\" data-block-type=\"unstyled\">\n<p class=\"content-text__container \" data-track-category=\"Link no Texto\" data-track-links=\"\">Caso voc\u00ea n\u00e3o lembre sua senha, \u00e9 poss\u00edvel recuperar o acesso <a href=\"http:\/\/enem.inep.gov.br\/participante\/#\/acompanhamento\/alterarSenha\" target=\"_blank\" rel=\"noopener nofollow\">nesta p\u00e1gina<\/a>, usando seu CPF, sua data de nascimento e outros dados pessoais, como o nome da m\u00e3e e o munic\u00edpio de resid\u00eancia indicado no formul\u00e1rio de inscri\u00e7\u00e3o.<\/p>\n<\/div>\n<div class=\"mc-column content-media content-media--normal\" data-block-type=\"backstage-photo\">\n<div class=\"content-media__container\">\n<div class=\"content-media__image-centered\"><picture><source srcset=\"http:\/\/s2.glbimg.com\/1E-SOHfDxElyL9sqUXDxwoIfZuk=\/0x0:790x430\/984x0\/smart\/filters:strip_icc()\/i.s3.glbimg.com\/v1\/AUTH_59edd422c0c84a879bd37670ae4f538a\/internal_photos\/bs\/2016\/I\/n\/14zC0PSsKz6uenPOZCXA\/enem2016.jpg\" media=\"(max-width: 1024px)\" \/><source srcset=\"http:\/\/s2.glbimg.com\/ksreC47w4nrcpiktryI_w94T8pA=\/0x0:790x430\/600x0\/smart\/filters:strip_icc()\/i.s3.glbimg.com\/v1\/AUTH_59edd422c0c84a879bd37670ae4f538a\/internal_photos\/bs\/2016\/I\/n\/14zC0PSsKz6uenPOZCXA\/enem2016.jpg\" media=\"(max-width: 1280px)\" \/><source srcset=\"http:\/\/s2.glbimg.com\/LiiCpp1HP8gmJp01irw0LUe0y0k=\/0x0:790x430\/640x0\/smart\/filters:strip_icc()\/i.s3.glbimg.com\/v1\/AUTH_59edd422c0c84a879bd37670ae4f538a\/internal_photos\/bs\/2016\/I\/n\/14zC0PSsKz6uenPOZCXA\/enem2016.jpg\" media=\"(max-width: 1360px)\" \/><source srcset=\"http:\/\/s2.glbimg.com\/E3eDut18Fp0uUgq9BSCybnOPGJc=\/0x0:790x430\/1000x0\/smart\/filters:strip_icc()\/i.s3.glbimg.com\/v1\/AUTH_59edd422c0c84a879bd37670ae4f538a\/internal_photos\/bs\/2016\/I\/n\/14zC0PSsKz6uenPOZCXA\/enem2016.jpg\" media=\"(min-width: 1361px)\" \/><source srcset=\"http:\/\/s2.glbimg.com\/1E-SOHfDxElyL9sqUXDxwoIfZuk=\/0x0:790x430\/984x0\/smart\/filters:strip_icc()\/i.s3.glbimg.com\/v1\/AUTH_59edd422c0c84a879bd37670ae4f538a\/internal_photos\/bs\/2016\/I\/n\/14zC0PSsKz6uenPOZCXA\/enem2016.jpg\" \/><img class=\"image content-media__image\" title=\"MEC libera cart\u00e3o de confirma\u00e7\u00e3o com o local de provas do Enem 2016 (Foto: Reprodu\u00e7\u00e3o\/Inep)\" src=\"http:\/\/s2.glbimg.com\/1E-SOHfDxElyL9sqUXDxwoIfZuk=\/0x0:790x430\/984x0\/smart\/filters:strip_icc()\/i.s3.glbimg.com\/v1\/AUTH_59edd422c0c84a879bd37670ae4f538a\/internal_photos\/bs\/2016\/I\/n\/14zC0PSsKz6uenPOZCXA\/enem2016.jpg\" alt=\"MEC libera cart\u00e3o de confirma\u00e7\u00e3o com o local de provas do Enem 2016 (Foto: Reprodu\u00e7\u00e3o\/Inep)\" \/><\/picture><\/div>\n<div class=\"content-media__description-centered \">\n<p class=\"content-media__description \"><i class=\"content-media__description__icon theme-color-primary\"><\/i><span class=\"content-media__description__caption\">MEC libera cart\u00e3o de confirma\u00e7\u00e3o com o local de provas do Enem 2016 (Foto: Reprodu\u00e7\u00e3o\/Inep)<\/span><\/p>\n<\/div>\n<\/div>\n<\/div>\n","protected":false},"excerpt":{"rendered":"<p>O gabarito das provas do Exame Nacional do Ensino M\u00e9dio (Enem) que ser\u00e1 aplicado neste s\u00e1bado (5) e domingo (6) ser\u00e1 divulgado na quarta-feira (9), segundo comunicado divulgado na tarde desta sexta (4) pelo Instituto Nacional de Estudos e Pesquisas Educacionais An\u00edsio Teixeira (Inep). &#8220;Os gabaritos das provas ser\u00e3o divulgados na quarta-feira, 9, na P\u00e1gina [&hellip;]<\/p>\n","protected":false},"author":2,"featured_media":0,"comment_status":"open","ping_status":"open","sticky":false,"template":"","format":"standard","meta":{"_links_to":"","_links_to_target":""},"categories":[1],"tags":[],"_links":{"self":[{"href":"https:\/\/www.ilheusnoticias.net.br\/v1\/wp-json\/wp\/v2\/posts\/2317"}],"collection":[{"href":"https:\/\/www.ilheusnoticias.net.br\/v1\/wp-json\/wp\/v2\/posts"}],"about":[{"href":"https:\/\/www.ilheusnoticias.net.br\/v1\/wp-json\/wp\/v2\/types\/post"}],"author":[{"embeddable":true,"href":"https:\/\/www.ilheusnoticias.net.br\/v1\/wp-json\/wp\/v2\/users\/2"}],"replies":[{"embeddable":true,"href":"https:\/\/www.ilheusnoticias.net.br\/v1\/wp-json\/wp\/v2\/comments?post=2317"}],"version-history":[{"count":1,"href":"https:\/\/www.ilheusnoticias.net.br\/v1\/wp-json\/wp\/v2\/posts\/2317\/revisions"}],"predecessor-version":[{"id":2318,"href":"https:\/\/www.ilheusnoticias.net.br\/v1\/wp-json\/wp\/v2\/posts\/2317\/revisions\/2318"}],"wp:attachment":[{"href":"https:\/\/www.ilheusnoticias.net.br\/v1\/wp-json\/wp\/v2\/media?parent=2317"}],"wp:term":[{"taxonomy":"category","embeddable":true,"href":"https:\/\/www.ilheusnoticias.net.br\/v1\/wp-json\/wp\/v2\/categories?post=2317"},{"taxonomy":"post_tag","embeddable":true,"href":"https:\/\/www.ilheusnoticias.net.br\/v1\/wp-json\/wp\/v2\/tags?post=2317"}],"curies":[{"name":"wp","href":"https:\/\/api.w.org\/{rel}","templated":true}]}}