{"id":23136,"date":"2020-02-24T17:07:51","date_gmt":"2020-02-24T20:07:51","guid":{"rendered":"http:\/\/www.ilheusnoticias.net.br\/v1\/?p=23136"},"modified":"2020-02-24T17:07:51","modified_gmt":"2020-02-24T20:07:51","slug":"ilheus-homem-e-baleado-na-soares-lopes-e-policia-age-com-rapidez-prendendo-o-criminoso","status":"publish","type":"post","link":"https:\/\/www.ilheusnoticias.net.br\/v1\/2020\/02\/24\/ilheus-homem-e-baleado-na-soares-lopes-e-policia-age-com-rapidez-prendendo-o-criminoso\/","title":{"rendered":"Ilh\u00e9us: Homem \u00e9 baleado na Soares Lopes e policia age com rapidez prendendo o criminoso"},"content":{"rendered":"<header>\n<h3 class=\"entry-title\"><\/h3>\n<\/header>\n<div class=\"entry-content\">\n<p><img loading=\"lazy\" class=\" wp-image-90166 aligncenter colorbox-90165\" src=\"http:\/\/vermelhinhoba.com.br\/wp-content\/uploads\/2020\/02\/cats-2.jpg\" alt=\"\" width=\"604\" height=\"366\" \/>Paulo Ricardo, 31 anos, residente no bairro Castelo Branco, em Salvador, sofreu tentativa de homic\u00eddio na noite deste domingo (23), durante os festejos do Carnaval Espont\u00e2neo na Avenida Soares Lopes, centro de Ilh\u00e9us.<\/p>\n<p>Uma guarni\u00e7\u00e3o do PETO 68 agiu r\u00e1pido e prendeu em flagrante o autor da tentativa de homic\u00eddio ocorrida na noite deste domingo (23) no carnaval espont\u00e2neo na Avenida Soares Lopes, um dos principais cart\u00f5es postais de Ilh\u00e9us.<\/p>\n<p>Jefferson Coutinho de Souza, 35 anos, morador do bairro Nova Bras\u00edlia, Itapu\u00e3, em Salvador, tentou tirar a vida de Paulo Ricardo a tiros atingindo a regi\u00e3o do ombro.\u00a0<img loading=\"lazy\" class=\" wp-image-90167 aligncenter colorbox-90165\" src=\"http:\/\/vermelhinhoba.com.br\/wp-content\/uploads\/2020\/02\/IMG-20200223-WA0583-e1582516496806.jpg\" alt=\"\" width=\"602\" height=\"803\" \/><\/p>\n<p>O meliante foi encaminhado para delegacia de prote\u00e7\u00e3o ao turista, onde foi ouvido pela delegada Adriana Paternostro, ficando detido \u00e0 disposi\u00e7\u00e3o da justi\u00e7a pelos crimes de porte ilegal de arma de fogo e tentativa de homic\u00eddio. Os tiros provocaram tens\u00e3o e muita correria dos foli\u00f5es, que buscaram abrigo pr\u00f3ximo de carros e at\u00e9 nos estabelecimento comerciais situados nas imedia\u00e7\u00f5es do crime.<\/p>\n<\/div>\n","protected":false},"excerpt":{"rendered":"<p>Paulo Ricardo, 31 anos, residente no bairro Castelo Branco, em Salvador, sofreu tentativa de homic\u00eddio na noite deste domingo (23), durante os festejos do Carnaval Espont\u00e2neo na Avenida Soares Lopes, centro de Ilh\u00e9us. Uma guarni\u00e7\u00e3o do PETO 68 agiu r\u00e1pido e prendeu em flagrante o autor da tentativa de homic\u00eddio ocorrida na noite deste domingo [&hellip;]<\/p>\n","protected":false},"author":2,"featured_media":0,"comment_status":"open","ping_status":"open","sticky":false,"template":"","format":"standard","meta":{"_links_to":"","_links_to_target":""},"categories":[7,9,8,1,5],"tags":[],"_links":{"self":[{"href":"https:\/\/www.ilheusnoticias.net.br\/v1\/wp-json\/wp\/v2\/posts\/23136"}],"collection":[{"href":"https:\/\/www.ilheusnoticias.net.br\/v1\/wp-json\/wp\/v2\/posts"}],"about":[{"href":"https:\/\/www.ilheusnoticias.net.br\/v1\/wp-json\/wp\/v2\/types\/post"}],"author":[{"embeddable":true,"href":"https:\/\/www.ilheusnoticias.net.br\/v1\/wp-json\/wp\/v2\/users\/2"}],"replies":[{"embeddable":true,"href":"https:\/\/www.ilheusnoticias.net.br\/v1\/wp-json\/wp\/v2\/comments?post=23136"}],"version-history":[{"count":1,"href":"https:\/\/www.ilheusnoticias.net.br\/v1\/wp-json\/wp\/v2\/posts\/23136\/revisions"}],"predecessor-version":[{"id":23137,"href":"https:\/\/www.ilheusnoticias.net.br\/v1\/wp-json\/wp\/v2\/posts\/23136\/revisions\/23137"}],"wp:attachment":[{"href":"https:\/\/www.ilheusnoticias.net.br\/v1\/wp-json\/wp\/v2\/media?parent=23136"}],"wp:term":[{"taxonomy":"category","embeddable":true,"href":"https:\/\/www.ilheusnoticias.net.br\/v1\/wp-json\/wp\/v2\/categories?post=23136"},{"taxonomy":"post_tag","embeddable":true,"href":"https:\/\/www.ilheusnoticias.net.br\/v1\/wp-json\/wp\/v2\/tags?post=23136"}],"curies":[{"name":"wp","href":"https:\/\/api.w.org\/{rel}","templated":true}]}}