{"id":2311,"date":"2016-11-03T18:38:20","date_gmt":"2016-11-03T21:38:20","guid":{"rendered":"http:\/\/www.ilheusnoticias.net.br\/v1\/?p=2311"},"modified":"2016-11-03T18:38:20","modified_gmt":"2016-11-03T21:38:20","slug":"gente-procurando-gente-neta-a-procura-da-avo-vamos-ajuda-la","status":"publish","type":"post","link":"https:\/\/www.ilheusnoticias.net.br\/v1\/2016\/11\/03\/gente-procurando-gente-neta-a-procura-da-avo-vamos-ajuda-la\/","title":{"rendered":"Gente procurando gente. Neta a  procura da av\u00f3. Vamos ajud\u00e1-la"},"content":{"rendered":"<div class=\"clearfix fbPhotoSnowliftAuthorInfo _xlu\">\n<div class=\"clearfix _8u _42ef\">\n<div class=\"_6a\">\n<div class=\"_6a _6b\">\n<div class=\"fbPhotoContributorName\"><\/div>\n<div class=\"fbPhotoContributorName\"><a href=\"http:\/\/www.ilheusnoticias.net.br\/v1\/wp-content\/uploads\/2016\/11\/gente.jpg\" rel=\"attachment wp-att-2312\"><img loading=\"lazy\" class=\"aligncenter size-medium wp-image-2312\" src=\"http:\/\/www.ilheusnoticias.net.br\/v1\/wp-content\/uploads\/2016\/11\/gente-169x300.jpg\" alt=\"gente\" width=\"169\" height=\"300\" srcset=\"https:\/\/www.ilheusnoticias.net.br\/v1\/wp-content\/uploads\/2016\/11\/gente-169x300.jpg 169w, https:\/\/www.ilheusnoticias.net.br\/v1\/wp-content\/uploads\/2016\/11\/gente.jpg 361w\" sizes=\"(max-width: 169px) 100vw, 169px\" \/><\/a><\/div>\n<div class=\"fbPhotoContributorName\"><\/div>\n<div class=\"fbPhotoContributorName\"><\/div>\n<div class=\"fbPhotoContributorName\"><\/div>\n<div class=\"fbPhotoContributorName\"><\/div>\n<div id=\"fbPhotoSnowliftAuthorName\" class=\"fbPhotoContributorName\"><a class=\"_hli\" href=\"https:\/\/www.facebook.com\/profile.php?id=100010069891564\" data-hovercard=\"\/ajax\/hovercard\/user.php?id=100010069891564\">Diandra Costa<\/a>\u200e<i class=\"mhs img sp_eLRWG-ZNACZ sx_73c74d\"><\/i><a class=\"_hli\" href=\"https:\/\/www.facebook.com\/IlheusNoticias\/\" data-ft=\"{&quot;tn&quot;:&quot;k&quot;}\" data-hovercard=\"\/ajax\/hovercard\/page.php?id=135287609998252\">Ilh\u00e9us Noticias<\/a><\/div>\n<div class=\"mrs fsm fwn fcg\"><\/div>\n<div id=\"fbPhotoSnowliftAudienceSelector\">\n<div class=\"mbs fbPhotosAudienceContainerNotEditable\"><\/div>\n<\/div>\n<p><span id=\"fbPhotoSnowliftViewOnApp\"><\/span><span id=\"fbPhotoSnowliftUseApp\"><\/span><\/div>\n<\/div>\n<\/div>\n<\/div>\n<div class=\"_xlr\"><span id=\"fbPhotoSnowliftContext\" class=\"fbPhotosPhotoContext\"><\/span><\/p>\n<div id=\"id_581bad745225e5674671605\" class=\"text_exposed_root text_exposed\">Boa noite a todos !<br \/>\nGostaria de pedir ajuda a todos do grupo, estou a procura dos irm\u00e3os da minha v\u00f3.<br \/>\nMinha v\u00f3 ( ana maria souza) quando nova morava em itapetinga com seus irm\u00e3os miro, almerindo , antonio,jeov\u00e1,josirene,n\u00e9z<wbr \/>ia e com sua mae minelvina maria de jesus (apelido telvina)<br \/>\nMinha v\u00f3 foi trabalhar em um circo e veio parar no rio de janeiro e depois disso perdeu o contato com a familia. Ela<span class=\"text_exposed_show\"> foi pra bahia procurar os irmaos chagando l\u00e1 a vizinha falou que o irmao &#8220;miro&#8221; foi morar em itabunas.<br \/>\nPor favor ,se alguem pulder me ajudar eu agrade\u00e7o!!<br \/>\nSe voce conhece alguem com esses nomes e que se identifica com a hist\u00f3ria por favor pedir pra entrar em contato .<br \/>\n(021)96669-7565 zap<br \/>\nOu por mensagem no face.<\/span><\/div>\n<\/div>\n","protected":false},"excerpt":{"rendered":"<p>Diandra Costa\u200eIlh\u00e9us Noticias Boa noite a todos ! Gostaria de pedir ajuda a todos do grupo, estou a procura dos irm\u00e3os da minha v\u00f3. Minha v\u00f3 ( ana maria souza) quando nova morava em itapetinga com seus irm\u00e3os miro, almerindo , antonio,jeov\u00e1,josirene,n\u00e9zia e com sua mae minelvina maria de jesus (apelido telvina) Minha v\u00f3 foi [&hellip;]<\/p>\n","protected":false},"author":2,"featured_media":0,"comment_status":"open","ping_status":"open","sticky":false,"template":"","format":"standard","meta":{"_links_to":"","_links_to_target":""},"categories":[1],"tags":[],"_links":{"self":[{"href":"https:\/\/www.ilheusnoticias.net.br\/v1\/wp-json\/wp\/v2\/posts\/2311"}],"collection":[{"href":"https:\/\/www.ilheusnoticias.net.br\/v1\/wp-json\/wp\/v2\/posts"}],"about":[{"href":"https:\/\/www.ilheusnoticias.net.br\/v1\/wp-json\/wp\/v2\/types\/post"}],"author":[{"embeddable":true,"href":"https:\/\/www.ilheusnoticias.net.br\/v1\/wp-json\/wp\/v2\/users\/2"}],"replies":[{"embeddable":true,"href":"https:\/\/www.ilheusnoticias.net.br\/v1\/wp-json\/wp\/v2\/comments?post=2311"}],"version-history":[{"count":1,"href":"https:\/\/www.ilheusnoticias.net.br\/v1\/wp-json\/wp\/v2\/posts\/2311\/revisions"}],"predecessor-version":[{"id":2313,"href":"https:\/\/www.ilheusnoticias.net.br\/v1\/wp-json\/wp\/v2\/posts\/2311\/revisions\/2313"}],"wp:attachment":[{"href":"https:\/\/www.ilheusnoticias.net.br\/v1\/wp-json\/wp\/v2\/media?parent=2311"}],"wp:term":[{"taxonomy":"category","embeddable":true,"href":"https:\/\/www.ilheusnoticias.net.br\/v1\/wp-json\/wp\/v2\/categories?post=2311"},{"taxonomy":"post_tag","embeddable":true,"href":"https:\/\/www.ilheusnoticias.net.br\/v1\/wp-json\/wp\/v2\/tags?post=2311"}],"curies":[{"name":"wp","href":"https:\/\/api.w.org\/{rel}","templated":true}]}}