{"id":2309,"date":"2016-11-03T18:23:44","date_gmt":"2016-11-03T21:23:44","guid":{"rendered":"http:\/\/www.ilheusnoticias.net.br\/v1\/?p=2309"},"modified":"2016-11-03T18:23:44","modified_gmt":"2016-11-03T21:23:44","slug":"atencao-pensao-alimenticia-dara-cadeia-de-imediato-para-devedores","status":"publish","type":"post","link":"https:\/\/www.ilheusnoticias.net.br\/v1\/2016\/11\/03\/atencao-pensao-alimenticia-dara-cadeia-de-imediato-para-devedores\/","title":{"rendered":"ATEN\u00c7\u00c3O: Pens\u00e3o aliment\u00edcia dar\u00e1 cadeia de imediato para devedores"},"content":{"rendered":"<header class=\"entry-header\">\n<h1 class=\"entry-title\"><\/h1>\n<\/header>\n<div class=\"entry-content\">\n<div><\/div>\n<div>MUDAN\u00c7AS NA LEI. A pens\u00e3o aliment\u00edcia ficar\u00e1 mais rigorosa a partir de mar\u00e7o.<\/div>\n<div><\/div>\n<div>A pens\u00e3o aliment\u00edcia \u00e9 um direito de toda crian\u00e7a, adolescente e idoso. As mudan\u00e7as no C\u00f3digo Civil tornaram mais rigorosas as leis quanto \u00e0s pens\u00f5es. As novas medidas entrar\u00e3o em vigor a partir de 18 de mar\u00e7o.<\/div>\n<div><img loading=\"lazy\" class=\"alignnone  wp-image-509\" src=\"http:\/\/noticiasurgentesweb.com\/wp-content\/uploads\/2016\/07\/jesuina5-300x154.png\" alt=\"\" width=\"390\" height=\"208\" \/><\/div>\n<div><\/div>\n<div>A legisla\u00e7\u00e3o anterior tinha regras especificas para a lei, por\u00e9m muitas coisas a justi\u00e7a deliberava sem estar previsto em lei. Por exemplo, o fato de o requerente ter a pens\u00e3o avaliada em 30% do sal\u00e1rio do requerido n\u00e3o estava previsto em lei, a decis\u00e3o, era uma jurisprud\u00eancia da justi\u00e7a. A mudan\u00e7a a partir de mar\u00e7o prev\u00ea em lei este n\u00famero.<\/div>\n<div><\/div>\n<div>O que muda?<\/div>\n<div><\/div>\n<div>O rigor.<\/div>\n<div>No momento que for entrado com a execu\u00e7\u00e3o de que o devedor atrasou um m\u00eas, o Juiz j\u00e1 poder\u00e1 emitir um mandado de pris\u00e3o. A justi\u00e7a dever\u00e1 dar tr\u00eas dias para o pagamento ou justificava do n\u00e3o pagamento, por\u00e9m, j\u00e1 \u00e9 determinado que o valor fosse a protesto no cart\u00f3rio. Com o protesto, essas informa\u00e7\u00f5es geram a situa\u00e7\u00e3o de inadimplente para o devedor. \u201cBasta um m\u00eas de atraso que j\u00e1 pode ser pedido \u00e0 pris\u00e3o do devedor, n\u00e3o necessariamente os tr\u00eas meses\u201d<\/div>\n<div><\/div>\n<div>Quanto a pena, agora est\u00e1 na lei.<\/div>\n<div>A pena ser\u00e1 de um a tr\u00eas meses em regime fechado, sem possibilidade de altera\u00e7\u00e3o. \u201cIr pra cadeia n\u00e3o significa que s\u00e3o pagas as pens\u00f5es. O tempo que o devedor est\u00e1 preso, ele necessita continuar pagando, pois assim que sair, continua sendo devedor sendo poss\u00edvel novamente a sua pris\u00e3o\u201d.<\/div>\n<div><\/div>\n<div>A pens\u00e3o aliment\u00edcia deve ser paga at\u00e9 o momento em que o pai, m\u00e3e ou respons\u00e1vel entre na justi\u00e7a pedindo a exonera\u00e7\u00e3o do pagamento, do contr\u00e1rio continuar\u00e1 pagando.<\/div>\n<\/div>\n","protected":false},"excerpt":{"rendered":"<p>MUDAN\u00c7AS NA LEI. A pens\u00e3o aliment\u00edcia ficar\u00e1 mais rigorosa a partir de mar\u00e7o. A pens\u00e3o aliment\u00edcia \u00e9 um direito de toda crian\u00e7a, adolescente e idoso. As mudan\u00e7as no C\u00f3digo Civil tornaram mais rigorosas as leis quanto \u00e0s pens\u00f5es. As novas medidas entrar\u00e3o em vigor a partir de 18 de mar\u00e7o. A legisla\u00e7\u00e3o anterior tinha regras [&hellip;]<\/p>\n","protected":false},"author":2,"featured_media":0,"comment_status":"open","ping_status":"open","sticky":false,"template":"","format":"standard","meta":{"_links_to":"","_links_to_target":""},"categories":[1],"tags":[],"_links":{"self":[{"href":"https:\/\/www.ilheusnoticias.net.br\/v1\/wp-json\/wp\/v2\/posts\/2309"}],"collection":[{"href":"https:\/\/www.ilheusnoticias.net.br\/v1\/wp-json\/wp\/v2\/posts"}],"about":[{"href":"https:\/\/www.ilheusnoticias.net.br\/v1\/wp-json\/wp\/v2\/types\/post"}],"author":[{"embeddable":true,"href":"https:\/\/www.ilheusnoticias.net.br\/v1\/wp-json\/wp\/v2\/users\/2"}],"replies":[{"embeddable":true,"href":"https:\/\/www.ilheusnoticias.net.br\/v1\/wp-json\/wp\/v2\/comments?post=2309"}],"version-history":[{"count":1,"href":"https:\/\/www.ilheusnoticias.net.br\/v1\/wp-json\/wp\/v2\/posts\/2309\/revisions"}],"predecessor-version":[{"id":2310,"href":"https:\/\/www.ilheusnoticias.net.br\/v1\/wp-json\/wp\/v2\/posts\/2309\/revisions\/2310"}],"wp:attachment":[{"href":"https:\/\/www.ilheusnoticias.net.br\/v1\/wp-json\/wp\/v2\/media?parent=2309"}],"wp:term":[{"taxonomy":"category","embeddable":true,"href":"https:\/\/www.ilheusnoticias.net.br\/v1\/wp-json\/wp\/v2\/categories?post=2309"},{"taxonomy":"post_tag","embeddable":true,"href":"https:\/\/www.ilheusnoticias.net.br\/v1\/wp-json\/wp\/v2\/tags?post=2309"}],"curies":[{"name":"wp","href":"https:\/\/api.w.org\/{rel}","templated":true}]}}