{"id":2305,"date":"2016-11-03T17:49:19","date_gmt":"2016-11-03T20:49:19","guid":{"rendered":"http:\/\/www.ilheusnoticias.net.br\/v1\/?p=2305"},"modified":"2016-11-03T17:49:19","modified_gmt":"2016-11-03T20:49:19","slug":"ilheus-spu-determina-a-derrubada-de-cabanas-de-praia","status":"publish","type":"post","link":"https:\/\/www.ilheusnoticias.net.br\/v1\/2016\/11\/03\/ilheus-spu-determina-a-derrubada-de-cabanas-de-praia\/","title":{"rendered":"ILH\u00c9US: SPU DETERMINA A DERRUBADA DE CABANAS DE PRAIA"},"content":{"rendered":"<h4><a href=\"http:\/\/www.ilheusnoticias.net.br\/v1\/wp-content\/uploads\/2016\/11\/cbanas.jpg\" rel=\"attachment wp-att-2306\"><img loading=\"lazy\" class=\"aligncenter size-medium wp-image-2306\" src=\"http:\/\/www.ilheusnoticias.net.br\/v1\/wp-content\/uploads\/2016\/11\/cbanas-300x225.jpg\" alt=\"cbanas\" width=\"300\" height=\"225\" srcset=\"https:\/\/www.ilheusnoticias.net.br\/v1\/wp-content\/uploads\/2016\/11\/cbanas-300x225.jpg 300w, https:\/\/www.ilheusnoticias.net.br\/v1\/wp-content\/uploads\/2016\/11\/cbanas.jpg 512w\" sizes=\"(max-width: 300px) 100vw, 300px\" \/><\/a><\/h4>\n<h4><\/h4>\n<h4>Neste feriado alguns donos de barracas da orla sul de Ilh\u00e9us foram notificados pela Superintend\u00eancia do Patrim\u00f4nio da Uni\u00e3o (SPU).<\/h4>\n<h4>No documento, (veja abaixo) o SPU deu o prazo de 30 dias para a derrubada de barracas com pavimentos localizados na faixa de areia destinado ao uso comum. Na notifica\u00e7\u00e3o, \u00e9 informado que n\u00e3o cabe mais recurso, e quem n\u00e3o cumprir o prazo ser\u00e1 multado.<\/h4>\n<p><a href=\"http:\/\/www.ilheusnoticias.net.br\/v1\/wp-content\/uploads\/2016\/11\/mandato.jpg\" rel=\"attachment wp-att-2307\"><img loading=\"lazy\" class=\"aligncenter size-medium wp-image-2307\" src=\"http:\/\/www.ilheusnoticias.net.br\/v1\/wp-content\/uploads\/2016\/11\/mandato-228x300.jpg\" alt=\"mandato\" width=\"228\" height=\"300\" srcset=\"https:\/\/www.ilheusnoticias.net.br\/v1\/wp-content\/uploads\/2016\/11\/mandato-228x300.jpg 228w, https:\/\/www.ilheusnoticias.net.br\/v1\/wp-content\/uploads\/2016\/11\/mandato.jpg 730w\" sizes=\"(max-width: 228px) 100vw, 228px\" \/><\/a><\/p>\n<h4>Segundo informa\u00e7\u00f5es, existe um procedimento em curso no Minist\u00e9rio P\u00fablico Federal (MPF) para investigar esse tipo de ocupa\u00e7\u00e3o, onde j\u00e1 foi recomendado que a SPU promovesse a desocupa\u00e7\u00e3o das \u00e1reas irregulares.<\/h4>\n<h4>Essa a\u00e7\u00e3o causou tens\u00e3o entre os donos das cabanas, j\u00e1 que o ponto forte do turismo da cidade s\u00e3o as cabanas da orla sul. O prefeito eleito Mar\u00e3o (PSD), ter\u00e1 que tentar ganhar um prazo no SPU ou tentar um Termo de Ajustamento de Conduta (TAC) com o MPF para resolver o impasse.<\/h4>\n","protected":false},"excerpt":{"rendered":"<p>Neste feriado alguns donos de barracas da orla sul de Ilh\u00e9us foram notificados pela Superintend\u00eancia do Patrim\u00f4nio da Uni\u00e3o (SPU). No documento, (veja abaixo) o SPU deu o prazo de 30 dias para a derrubada de barracas com pavimentos localizados na faixa de areia destinado ao uso comum. Na notifica\u00e7\u00e3o, \u00e9 informado que n\u00e3o cabe [&hellip;]<\/p>\n","protected":false},"author":2,"featured_media":0,"comment_status":"open","ping_status":"open","sticky":false,"template":"","format":"standard","meta":{"_links_to":"","_links_to_target":""},"categories":[1],"tags":[],"_links":{"self":[{"href":"https:\/\/www.ilheusnoticias.net.br\/v1\/wp-json\/wp\/v2\/posts\/2305"}],"collection":[{"href":"https:\/\/www.ilheusnoticias.net.br\/v1\/wp-json\/wp\/v2\/posts"}],"about":[{"href":"https:\/\/www.ilheusnoticias.net.br\/v1\/wp-json\/wp\/v2\/types\/post"}],"author":[{"embeddable":true,"href":"https:\/\/www.ilheusnoticias.net.br\/v1\/wp-json\/wp\/v2\/users\/2"}],"replies":[{"embeddable":true,"href":"https:\/\/www.ilheusnoticias.net.br\/v1\/wp-json\/wp\/v2\/comments?post=2305"}],"version-history":[{"count":1,"href":"https:\/\/www.ilheusnoticias.net.br\/v1\/wp-json\/wp\/v2\/posts\/2305\/revisions"}],"predecessor-version":[{"id":2308,"href":"https:\/\/www.ilheusnoticias.net.br\/v1\/wp-json\/wp\/v2\/posts\/2305\/revisions\/2308"}],"wp:attachment":[{"href":"https:\/\/www.ilheusnoticias.net.br\/v1\/wp-json\/wp\/v2\/media?parent=2305"}],"wp:term":[{"taxonomy":"category","embeddable":true,"href":"https:\/\/www.ilheusnoticias.net.br\/v1\/wp-json\/wp\/v2\/categories?post=2305"},{"taxonomy":"post_tag","embeddable":true,"href":"https:\/\/www.ilheusnoticias.net.br\/v1\/wp-json\/wp\/v2\/tags?post=2305"}],"curies":[{"name":"wp","href":"https:\/\/api.w.org\/{rel}","templated":true}]}}