{"id":23025,"date":"2020-02-11T15:43:29","date_gmt":"2020-02-11T18:43:29","guid":{"rendered":"http:\/\/www.ilheusnoticias.net.br\/v1\/?p=23025"},"modified":"2020-02-11T15:43:29","modified_gmt":"2020-02-11T18:43:29","slug":"precisamos-esclarecer-a-populacao-como-se-da-a-formacao-de-preco-nos-combustiveis-diz-rui-ao-ministro-paulo-guedes-em-brasilia","status":"publish","type":"post","link":"https:\/\/www.ilheusnoticias.net.br\/v1\/2020\/02\/11\/precisamos-esclarecer-a-populacao-como-se-da-a-formacao-de-preco-nos-combustiveis-diz-rui-ao-ministro-paulo-guedes-em-brasilia\/","title":{"rendered":"\u201cPrecisamos esclarecer \u00e0 popula\u00e7\u00e3o como se d\u00e1 a forma\u00e7\u00e3o de pre\u00e7o nos combust\u00edveis\u201d, diz Rui ao ministro Paulo Guedes, em Bras\u00edlia"},"content":{"rendered":"<h2 class=\"PostHeaderIcon-wrapper\"><\/h2>\n<div class=\"PostMetadataHeader\"><\/div>\n<div class=\"PostContent\">\n<p><img loading=\"lazy\" class=\"aligncenter  wp-image-99355\" src=\"http:\/\/www.blogdothame.blog.br\/v1\/wp-content\/uploads\/2020\/02\/Foto-Carlos-Prates-GOVBA-1024x576.jpeg\" alt=\"Foto Carlos Prates GOVBA\" width=\"475\" height=\"267\" \/><\/p>\n<p>Ao participar do F\u00f3rum Nacional de Governadores, nesta terca-feira (11), em Bras\u00edlia, o governador Rui Costa, prop\u00f4s ao ministro da Economia, Paulo Guedes, que seja encontrado o caminho do di\u00e1logo e do entendimento nas rela\u00e7\u00f5es entre estados e o governo federal, sem que a pol\u00edtica defina o tom.<\/p>\n<p><img loading=\"lazy\" class=\"alignright size-medium wp-image-99354\" src=\"http:\/\/www.blogdothame.blog.br\/v1\/wp-content\/uploads\/2020\/02\/Foto-Carlos-Prates-GOVBA2-300x225.jpeg\" alt=\"Foto Carlos Prates GOVBA2\" width=\"300\" height=\"225\" \/>Sobre o desafio rec\u00e9m lan\u00e7ado pelo presidente da Rep\u00fablica, Jair Bolsonaro, aos 27 governadores, de zerar o Imposto sobre Circula\u00e7\u00e3o de Mercadorias e Servi\u00e7os (ICMS) dos combust\u00edveis, o governador pontuou que \u00e9 importante levar em considera\u00e7\u00e3o, antes de lan\u00e7ar desafios, a forma que se d\u00e1 a forma\u00e7\u00e3o de pre\u00e7os. Para Rui, as informa\u00e7\u00f5es devem ser esclarecidas \u00e0 popula\u00e7\u00e3o pelo governo federal e, assim, ficar claro todo o processo de defini\u00e7\u00e3o de pre\u00e7o.<\/p>\n<p>\u201cQuem faz o pre\u00e7o alto de combust\u00edvel no Brasil \u00e9 a rede oligopolizada de fornecimento e a posi\u00e7\u00e3o da Petrobras em diminuir refino no Brasil e adquirir todo o derivado de petr\u00f3leo do exterior\u201d, disse Rui ao pontuar que a medida \u00e9 uma estrat\u00e9gia da Petrobras e do Governo Federal. O governador destacou ainda que \u201cn\u00e3o \u00e9 o ICMS que define o pre\u00e7o da gasolina\u201d.<\/p>\n<p>De acordo com o governador Rui Costa, o ICMS cobrado pelo Estado da Bahia \u00e9 o mesmo h\u00e1 8 anos, quando o pre\u00e7o da gasolina estava por volta de R$2 reais. (fotos: Carlos Prates)<\/p>\n<\/div>\n","protected":false},"excerpt":{"rendered":"<p>Ao participar do F\u00f3rum Nacional de Governadores, nesta terca-feira (11), em Bras\u00edlia, o governador Rui Costa, prop\u00f4s ao ministro da Economia, Paulo Guedes, que seja encontrado o caminho do di\u00e1logo e do entendimento nas rela\u00e7\u00f5es entre estados e o governo federal, sem que a pol\u00edtica defina o tom. Sobre o desafio rec\u00e9m lan\u00e7ado pelo presidente [&hellip;]<\/p>\n","protected":false},"author":2,"featured_media":0,"comment_status":"open","ping_status":"open","sticky":false,"template":"","format":"standard","meta":{"_links_to":"","_links_to_target":""},"categories":[7,9,8,1],"tags":[],"_links":{"self":[{"href":"https:\/\/www.ilheusnoticias.net.br\/v1\/wp-json\/wp\/v2\/posts\/23025"}],"collection":[{"href":"https:\/\/www.ilheusnoticias.net.br\/v1\/wp-json\/wp\/v2\/posts"}],"about":[{"href":"https:\/\/www.ilheusnoticias.net.br\/v1\/wp-json\/wp\/v2\/types\/post"}],"author":[{"embeddable":true,"href":"https:\/\/www.ilheusnoticias.net.br\/v1\/wp-json\/wp\/v2\/users\/2"}],"replies":[{"embeddable":true,"href":"https:\/\/www.ilheusnoticias.net.br\/v1\/wp-json\/wp\/v2\/comments?post=23025"}],"version-history":[{"count":1,"href":"https:\/\/www.ilheusnoticias.net.br\/v1\/wp-json\/wp\/v2\/posts\/23025\/revisions"}],"predecessor-version":[{"id":23026,"href":"https:\/\/www.ilheusnoticias.net.br\/v1\/wp-json\/wp\/v2\/posts\/23025\/revisions\/23026"}],"wp:attachment":[{"href":"https:\/\/www.ilheusnoticias.net.br\/v1\/wp-json\/wp\/v2\/media?parent=23025"}],"wp:term":[{"taxonomy":"category","embeddable":true,"href":"https:\/\/www.ilheusnoticias.net.br\/v1\/wp-json\/wp\/v2\/categories?post=23025"},{"taxonomy":"post_tag","embeddable":true,"href":"https:\/\/www.ilheusnoticias.net.br\/v1\/wp-json\/wp\/v2\/tags?post=23025"}],"curies":[{"name":"wp","href":"https:\/\/api.w.org\/{rel}","templated":true}]}}