{"id":23020,"date":"2020-02-11T15:30:34","date_gmt":"2020-02-11T18:30:34","guid":{"rendered":"http:\/\/www.ilheusnoticias.net.br\/v1\/?p=23020"},"modified":"2020-02-11T15:30:34","modified_gmt":"2020-02-11T18:30:34","slug":"jornada-pedagogica-vai-reunir-1500-docentes-da-rede-municipal-de-ilheus","status":"publish","type":"post","link":"https:\/\/www.ilheusnoticias.net.br\/v1\/2020\/02\/11\/jornada-pedagogica-vai-reunir-1500-docentes-da-rede-municipal-de-ilheus\/","title":{"rendered":"Jornada Pedag\u00f3gica vai reunir 1500 docentes da rede municipal de Ilh\u00e9us"},"content":{"rendered":"<h3><\/h3>\n<div class=\"imagem thumbnail col-xs-12 col-sm-8 col-md-6 col-lg-6 imagem-materia\"><a class=\"fresco\" title=\"\" href=\"http:\/\/portalfacilclientes.blob.core.windows.net\/uploads\/ILHEUS\/imgOrig\/%7BBDD41ECB-C3EC-1485-AA5D-E2BBECDAD3B6%7D.jpeg\" data-fresco-caption=\"\"><img loading=\"lazy\" title=\"\" src=\"http:\/\/portalfacilclientes.blob.core.windows.net\/uploads\/ILHEUS\/img\/%7BBDD41ECB-C3EC-1485-AA5D-E2BBECDAD3B6%7D\/%7BBDD41ECB-C3EC-1485-AA5D-E2BBECDAD3B6%7D_650X450.jpeg\" alt=\"Jornada Pedag\u00f3gica\" width=\"650\" height=\"450\" \/><\/a><\/div>\n<p>Realizado anualmente pela Secretaria Municipal de Educa\u00e7\u00e3o, Esporte e Lazer (Seduc), a Jornada Pedag\u00f3gica estima reunir durante o evento, que segue at\u00e9 o dia 14 de fevereiro, 1.800 servidores, entre docentes da Educa\u00e7\u00e3o Infantil, Fundamental I e II e da Educa\u00e7\u00e3o de Jovens e Adultos (EJA), e n\u00e3o docentes, profissionais que comp\u00f5e a organiza\u00e7\u00e3o e a gest\u00e3o da atividade nos estabelecimentos de educa\u00e7\u00e3o, no Centro de Conven\u00e7\u00f5es Lu\u00eds Eduardo Magalh\u00e3es. \u2018Por uma educa\u00e7\u00e3o das sensibilidades\u2019 \u00e9 o tema da Jornada Pedag\u00f3gica deste ano.<\/p>\n<div class=\"imagem thumbnail col-xs-12 col-sm-8 col-md-6 col-lg-6 imagem-materia\"><a class=\"fresco\" title=\"\" href=\"http:\/\/portalfacilclientes.blob.core.windows.net\/uploads\/ILHEUS\/imgOrig\/%7BED2471EB-AD8E-DDED-6CB6-C0ADE80C2BAA%7D.jpeg\" data-fresco-caption=\"\"><img loading=\"lazy\" title=\"\" src=\"http:\/\/portalfacilclientes.blob.core.windows.net\/uploads\/ILHEUS\/img\/%7BED2471EB-AD8E-DDED-6CB6-C0ADE80C2BAA%7D\/%7BED2471EB-AD8E-DDED-6CB6-C0ADE80C2BAA%7D_650X450.jpeg\" alt=\"Jornada Pedag\u00f3gica\" width=\"650\" height=\"450\" \/><\/a><\/div>\n<p>A abertura foi marcada por divers\u00e3o e muita m\u00fasica ao som da Banda Nego L\u00fa, na segunda-feira (10), em uma estrutura montada no estacionamento do Centro de Conven\u00e7\u00f5es. Para a professora Karen Sotero, o espa\u00e7o promove de debates pertinentes ao processo socioeducativo, mas tamb\u00e9m \u00e9 um momento de descontra\u00e7\u00e3o.\u00a0\u201cA nossa expectativa aumenta com a valoriza\u00e7\u00e3o que o prefeito M\u00e1rio Alexandre tem trazido para a educa\u00e7\u00e3o em nossa cidade, por meio do reconhecimento do trabalho desenvolvido dentro da rede municipal de ensino\u201d, enfatizou.<\/p>\n<div class=\"imagem thumbnail col-xs-12 col-sm-8 col-md-6 col-lg-6 imagem-materia\"><a class=\"fresco\" title=\"\" href=\"http:\/\/portalfacilclientes.blob.core.windows.net\/uploads\/ILHEUS\/imgOrig\/%7BCEADC2B3-DBAB-C7DC-D7D0-D6DABE64B8CD%7D.jpeg\" data-fresco-caption=\"\"><img loading=\"lazy\" title=\"\" src=\"http:\/\/portalfacilclientes.blob.core.windows.net\/uploads\/ILHEUS\/img\/%7BCEADC2B3-DBAB-C7DC-D7D0-D6DABE64B8CD%7D\/%7BCEADC2B3-DBAB-C7DC-D7D0-D6DABE64B8CD%7D_650X450.jpeg\" alt=\"Jornada Pedag\u00f3gica\" width=\"650\" height=\"450\" \/><\/a><\/div>\n<p>No per\u00edodo matutino, os docentes participaram da acolhida e planejamento da agenda anual nas unidades escolares. \u201cNunca tivemos em gest\u00f5es anteriores um evento dessa grandeza. Eu agrade\u00e7o a Deus, \u00e0 secret\u00e1ria Eliane e ao prefeito M\u00e1rio Alexandre por oferecer uma recep\u00e7\u00e3o t\u00e3o calorosa, mas principalmente por valorizar o trabalho realizado em sala de aula. Vamos come\u00e7ar o ano letivo com muita energia\u201d, contou a professora Lidiane Silva.<\/p>\n<div class=\"imagem thumbnail col-xs-12 col-sm-8 col-md-6 col-lg-6 imagem-materia\"><a class=\"fresco\" title=\"\" href=\"http:\/\/portalfacilclientes.blob.core.windows.net\/uploads\/ILHEUS\/imgOrig\/%7BBEBAC8C7-85ED-451B-1A73-07DDEBDA5EDB%7D.jpeg\" data-fresco-caption=\"\"><img loading=\"lazy\" title=\"\" src=\"http:\/\/portalfacilclientes.blob.core.windows.net\/uploads\/ILHEUS\/img\/%7BBEBAC8C7-85ED-451B-1A73-07DDEBDA5EDB%7D\/%7BBEBAC8C7-85ED-451B-1A73-07DDEBDA5EDB%7D_650X450.jpeg\" alt=\"Jornada Pedag\u00f3gica\" width=\"650\" height=\"450\" \/><\/a><\/div>\n<p>\u201cO prefeito M\u00e1rio Alexandre faz a diferen\u00e7a na educa\u00e7\u00e3o em parceria com a\u00a0secret\u00e1ria Eliane. Uma gest\u00e3o acess\u00edvel que procura oferecer o melhor a todos, sem distin\u00e7\u00e3o de fun\u00e7\u00e3o. Sem d\u00favidas a acolhida \u00e9 muito especial, n\u00e3o apenas na jornada, mas em diversos eventos promovidos\u201d, destacou Lucineide Oliveira, diretora da Escola Municipal da Princesa Isabel.<\/p>\n<div class=\"imagem thumbnail col-xs-12 col-sm-8 col-md-6 col-lg-6 imagem-materia\"><a class=\"fresco\" title=\"\" href=\"http:\/\/portalfacilclientes.blob.core.windows.net\/uploads\/ILHEUS\/imgOrig\/%7BED16D20B-5A68-2E8C-77B2-7EC4CB4DBDE5%7D.jpeg\" data-fresco-caption=\"\"><img loading=\"lazy\" title=\"\" src=\"http:\/\/portalfacilclientes.blob.core.windows.net\/uploads\/ILHEUS\/img\/%7BED16D20B-5A68-2E8C-77B2-7EC4CB4DBDE5%7D\/%7BED16D20B-5A68-2E8C-77B2-7EC4CB4DBDE5%7D_650X450.jpeg\" alt=\"Jornada Pedag\u00f3gica\" width=\"650\" height=\"450\" \/><\/a><\/div>\n<p>As atividades promovem a sociabiliza\u00e7\u00e3o e amplia\u00e7\u00e3o de novas pr\u00e1ticas de aprendizagem a partir de oficinas tem\u00e1ticas para gestores educacionais, professores da Educa\u00e7\u00e3o B\u00e1sica e Integral, educadores infantis, infanto-juvenis e agentes educacionais. Conforme o cronograma estabelecido pela Seduc, o retorno das aulas na rede p\u00fablica municipal de Ilh\u00e9us est\u00e1 previsto para o dia 14 de fevereiro.<\/p>\n<p>\u201c\u00c9 gratificante ver a aprova\u00e7\u00e3o un\u00e2nime de todos os profissionais quanto \u00e0 gest\u00e3o acolhedora do prefeito M\u00e1rio Alexandre. Por\u00e9m mais do que acolher, M\u00e1rio valoriza o servidor p\u00fablico. Eu n\u00e3o posso mudar o mundo, mas posso mudar o meu professor, para que desenvolva o trabalho da melhor forma e goste de estar em sala de aula\u201d, ressaltou a Secret\u00e1ria Municipal de Educa\u00e7\u00e3o, Eliane Oliveira.<\/p>\n<p>Programa\u00e7\u00e3o \u2013 Nesta ter\u00e7a-feira (11), as atividades tiveram in\u00edcio \u00e0s 8h. Logo ap\u00f3s, a palestra com o tema \u201cPor uma Educa\u00e7\u00e3o das Sensibilidades\u201d. No per\u00edodo da tarde os envolvidos participar\u00e3o de oficinas, palestras e minicursos. No dia 12 de fevereiro, das 8h \u00e0s 17h, o Centro de Conven\u00e7\u00f5es receber\u00e1 a audi\u00eancia p\u00fablica para an\u00e1lises do Plano Municipal de Educa\u00e7\u00e3o (PME), promovido pelo Conselho Municipal de Educa\u00e7\u00e3o.<\/p>\n<p>Na quinta-feira (13) acontecer\u00e1 o momento pedag\u00f3gico das 8h \u00e0s 11h30min e tamb\u00e9m \u00e0 tarde das 13h \u00e0s 17h. Na manh\u00e3 de sexta-feira (14), aula inaugural da fam\u00edlia, com o tema \u201cFam\u00edlia Sens\u00edvel, ao cuidar\u201d. Das 18h \u00e0s 21h, planejamento com todos os profissionais que atuam na Educa\u00e7\u00e3o de Jovens e Adultos (EJA) e aula inaugural, no Teatro Municipal de Ilh\u00e9us.<\/p>\n","protected":false},"excerpt":{"rendered":"<p>Realizado anualmente pela Secretaria Municipal de Educa\u00e7\u00e3o, Esporte e Lazer (Seduc), a Jornada Pedag\u00f3gica estima reunir durante o evento, que segue at\u00e9 o dia 14 de fevereiro, 1.800 servidores, entre docentes da Educa\u00e7\u00e3o Infantil, Fundamental I e II e da Educa\u00e7\u00e3o de Jovens e Adultos (EJA), e n\u00e3o docentes, profissionais que comp\u00f5e a organiza\u00e7\u00e3o e [&hellip;]<\/p>\n","protected":false},"author":2,"featured_media":0,"comment_status":"open","ping_status":"open","sticky":false,"template":"","format":"standard","meta":{"_links_to":"","_links_to_target":""},"categories":[7,9,8,1],"tags":[],"_links":{"self":[{"href":"https:\/\/www.ilheusnoticias.net.br\/v1\/wp-json\/wp\/v2\/posts\/23020"}],"collection":[{"href":"https:\/\/www.ilheusnoticias.net.br\/v1\/wp-json\/wp\/v2\/posts"}],"about":[{"href":"https:\/\/www.ilheusnoticias.net.br\/v1\/wp-json\/wp\/v2\/types\/post"}],"author":[{"embeddable":true,"href":"https:\/\/www.ilheusnoticias.net.br\/v1\/wp-json\/wp\/v2\/users\/2"}],"replies":[{"embeddable":true,"href":"https:\/\/www.ilheusnoticias.net.br\/v1\/wp-json\/wp\/v2\/comments?post=23020"}],"version-history":[{"count":1,"href":"https:\/\/www.ilheusnoticias.net.br\/v1\/wp-json\/wp\/v2\/posts\/23020\/revisions"}],"predecessor-version":[{"id":23021,"href":"https:\/\/www.ilheusnoticias.net.br\/v1\/wp-json\/wp\/v2\/posts\/23020\/revisions\/23021"}],"wp:attachment":[{"href":"https:\/\/www.ilheusnoticias.net.br\/v1\/wp-json\/wp\/v2\/media?parent=23020"}],"wp:term":[{"taxonomy":"category","embeddable":true,"href":"https:\/\/www.ilheusnoticias.net.br\/v1\/wp-json\/wp\/v2\/categories?post=23020"},{"taxonomy":"post_tag","embeddable":true,"href":"https:\/\/www.ilheusnoticias.net.br\/v1\/wp-json\/wp\/v2\/tags?post=23020"}],"curies":[{"name":"wp","href":"https:\/\/api.w.org\/{rel}","templated":true}]}}