{"id":22991,"date":"2020-02-04T08:29:05","date_gmt":"2020-02-04T11:29:05","guid":{"rendered":"http:\/\/www.ilheusnoticias.net.br\/v1\/?p=22991"},"modified":"2020-02-04T08:29:05","modified_gmt":"2020-02-04T11:29:05","slug":"procurador-da-fazenda-que-esfaqueou-juiza-e-encontrado-morto","status":"publish","type":"post","link":"https:\/\/www.ilheusnoticias.net.br\/v1\/2020\/02\/04\/procurador-da-fazenda-que-esfaqueou-juiza-e-encontrado-morto\/","title":{"rendered":"Procurador da Fazenda que esfaqueou ju\u00edza \u00e9 encontrado morto"},"content":{"rendered":"<div id=\"precontent\" data-region=\"precontent\" data-id=\"49\" data-m=\"{&quot;i&quot;:49,&quot;n&quot;:&quot;precontent&quot;,&quot;y&quot;:6}\">\n<header class=\"collection-headline-flex\">\n<h1><\/h1>\n<\/header>\n<section class=\"Modelinfo\">\n<div class=\"authorinfo-flexar\"><\/div>\n<\/section>\n<\/div>\n<div id=\"maincontent\">\n<div id=\"content\" class=\"content\">\n<article class=\"articlecontent allowvig loaded\" data-id=\"93\" data-m=\"{&quot;i&quot;:93,&quot;p&quot;:90,&quot;n&quot;:&quot;article&quot;,&quot;y&quot;:6,&quot;o&quot;:3}\" data-nativead-placements=\"article_aside:3;singlecard1:1;singlecard2:1;singlecard3:1;singlecard4:1;singlecard5:1;singlecard6:1;singlecard7:1;singlecard8:1;singlecard9:1;singlecard10:1;singlecard11:1;\">\n<section class=\"flexarticle\" data-id=\"94\" data-m=\"{&quot;i&quot;:94,&quot;p&quot;:93,&quot;n&quot;:&quot;flexarticle&quot;,&quot;y&quot;:6,&quot;o&quot;:1}\">\n<section class=\"articlebody  \" data-id=\"95\" data-m=\"{&quot;i&quot;:95,&quot;p&quot;:94,&quot;n&quot;:&quot;articlebody&quot;,&quot;y&quot;:6,&quot;o&quot;:1}\">\n<div class=\"wp-caption aligncenter\"><span class=\"storyimage floated inlineimage\" data-aop=\"image\"><span class=\"image\" data-attrib=\"Fornecido por Estad\u00e3o\" data-caption=\"\" data-id=\"96\" data-m=\"{&quot;i&quot;:96,&quot;p&quot;:95,&quot;n&quot;:&quot;openModal&quot;,&quot;t&quot;:&quot;articleImages&quot;,&quot;o&quot;:1}\"><img class=\"loaded\" src=\"https:\/\/img-s-msn-com.akamaized.net\/tenant\/amp\/entityid\/BBZCeSB.img?h=270&amp;w=270&amp;m=6&amp;q=60&amp;o=f&amp;l=f&amp;x=194&amp;y=313\" alt=\"\" data-src=\"{&quot;default&quot;:{&quot;load&quot;:&quot;default&quot;,&quot;w&quot;:&quot;27&quot;,&quot;h&quot;:&quot;27&quot;,&quot;src&quot;:&quot;\/\/img-s-msn-com.akamaized.net\/tenant\/amp\/entityid\/BBZCeSB.img?h=270&amp;w=270&amp;m=6&amp;q=60&amp;o=f&amp;l=f&amp;x=194&amp;y=313&quot;}}\" \/><\/span><br \/>\n<\/span><\/div>\n<p>O procurador da Fazenda Nacional Matheus Carneiro Assun\u00e7\u00e3o, que tentou matar a facadas a ju\u00edza federal Louise Filgueiras, na sede do Tribunal Regional Federal da 3.\u00aa Regi\u00e3o (TRF-3), foi encontrado morto na madrugada desta segunda, 3, na cl\u00ednica psiqui\u00e1trica onde estava internado desde novembro. Ele apresentava quadro de depress\u00e3o grave. A hip\u00f3tese mais prov\u00e1vel \u00e9 que Assun\u00e7\u00e3o se suicidou. A pol\u00edcia vai abrir inqu\u00e9rito.<\/p>\n<\/section>\n<\/section>\n<\/article>\n<\/div>\n<\/div>\n<p><!--more--><\/p>\n<div id=\"maincontent\">\n<div id=\"content\" class=\"content\">\n<article class=\"articlecontent allowvig loaded\" data-id=\"93\" data-m=\"{&quot;i&quot;:93,&quot;p&quot;:90,&quot;n&quot;:&quot;article&quot;,&quot;y&quot;:6,&quot;o&quot;:3}\" data-nativead-placements=\"article_aside:3;singlecard1:1;singlecard2:1;singlecard3:1;singlecard4:1;singlecard5:1;singlecard6:1;singlecard7:1;singlecard8:1;singlecard9:1;singlecard10:1;singlecard11:1;\">\n<section class=\"flexarticle\" data-id=\"94\" data-m=\"{&quot;i&quot;:94,&quot;p&quot;:93,&quot;n&quot;:&quot;flexarticle&quot;,&quot;y&quot;:6,&quot;o&quot;:1}\">\n<section class=\"articlebody  \" data-id=\"95\" data-m=\"{&quot;i&quot;:95,&quot;p&quot;:94,&quot;n&quot;:&quot;articlebody&quot;,&quot;y&quot;:6,&quot;o&quot;:1}\">Depois do ataque \u00e0 ju\u00edza, no dia 3 de outubro do ano passado, o procurador chegou a ficar preso em Trememb\u00e9, no interior de S\u00e3o Paulo.<\/p>\n<p>Depois, em novembro, ele foi transferido para uma cl\u00ednica psiqui\u00e1trica.<\/p>\n<p>Laudos psiqui\u00e1tricos diagnosticaram que Assun\u00e7\u00e3o, durante o ataque, passou por &#8216;surto psic\u00f3tico agudo transit\u00f3rio&#8217;.<\/p>\n<p>Assun\u00e7\u00e3o atacou a magistrada com uma faca, golpeando-a no pesco\u00e7o, pr\u00f3ximo \u00e0 jugular. Louise sofreu ferimentos leves.<\/p>\n<p>Naquela tarde de 3 de outubro, ele invadiu o gabinete da magistrada, na sede do TRF-3, avenida Paulista.<\/p>\n<p>Depois de contido, o procurador afirmou que &#8216;queria fazer protesto&#8217;.<\/p>\n<p>Assun\u00e7\u00e3o tinha ido primeiro ao gabinete do desembargador F\u00e1bio Prieto de Souza, no 22.\u00ba andar da Corte, mas ele n\u00e3o estava no local, j\u00e1 que participava de uma sess\u00e3o.<\/p>\n<p>O agressor, ent\u00e3o, desceu correndo pelas escadas e, no 21\u00ba andar, invadiu o gabinete da ju\u00edza. Inicialmente, ele atirou uma jarra de vidro em dire\u00e7\u00e3o \u00e0 magistrada. Depois, a golpeou com a faca.<\/p>\n<p>O procurador da Fazenda Nacional foi detido e levado pela Pol\u00edcia Federal. Laudos psiqui\u00e1tricos diagnosticaram que Assun\u00e7\u00e3o, durante o ataque, passou por &#8216;surto psic\u00f3tico agudo transit\u00f3rio&#8217;.<\/p>\n<p>Em nota interna, a Advocacia-Geral da Uni\u00e3o e a Procuradoria-Geral da Fazenda Nacional lamentaram a morte de Assun\u00e7\u00e3o:<\/p>\n<p>&#8220;Com profunda tristeza, lamentamos a morte do procurador da Fazenda Nacional Matheus Carneiro Assun\u00e7\u00e3o. Profissional dedicado e admirado pelos colegas, Matheus constru\u00eda uma brilhante trajet\u00f3ria acad\u00eamica e profissional, prematuramente interrompida&#8221;.<\/p>\n<p>&#8220;A perda do Dr. Matheus \u00e9 irrepar\u00e1vel e refor\u00e7a a consci\u00eancia de que, assim como enfermidades f\u00edsicas, problemas psicol\u00f3gicos exigem m\u00e1xima aten\u00e7\u00e3o e sempre renovados cuidados&#8221;.<\/p>\n<p>&#8220;Nesse momento de dor, nos solidarizamos com sua fam\u00edlia, amigos e colegas&#8221;.<\/p>\n<p lang=\"en-US\"><strong>Onde buscar ajuda?<\/strong><\/p>\n<p lang=\"en-US\">O CVV (Centro de Valoriza\u00e7\u00e3o da Vida) realiza apoio emocional e preven\u00e7\u00e3o do suic\u00eddio, atendendo de forma volunt\u00e1ria e gratuita todas as pessoas que querem e precisam conversar, sob total sigilo, por telefone, email, chat e voip 24 horas todos os dias.<\/p>\n<p>A liga\u00e7\u00e3o para o CVV, em parceria com o SUS, pode ser feita pelo\u00a0n\u00famero 188.\u00a0As liga\u00e7\u00f5es s\u00e3o gratuitas a partir de qualquer linha telef\u00f4nica fixa ou celular. Tamb\u00e9m \u00e9 poss\u00edvel acessar o site\u00a0<a href=\"http:\/\/www.cvv.org.br\/\" target=\"_blank\" data-id=\"97\" data-m=\"{&quot;i&quot;:97,&quot;p&quot;:95,&quot;n&quot;:&quot;partnerLink&quot;,&quot;y&quot;:24,&quot;o&quot;:2}\">www.cvv.org.br<\/a>\u00a0para falar por chat, e-mail ou obter mais informa\u00e7\u00f5es.<\/p>\n<\/section>\n<\/section>\n<p>Fornecido por Estad\u00e3o<\/p>\n<\/article>\n<\/div>\n<\/div>\n<p>&nbsp;<\/p>\n<p>&nbsp;<\/p>\n","protected":false},"excerpt":{"rendered":"<p>O procurador da Fazenda Nacional Matheus Carneiro Assun\u00e7\u00e3o, que tentou matar a facadas a ju\u00edza federal Louise Filgueiras, na sede do Tribunal Regional Federal da 3.\u00aa Regi\u00e3o (TRF-3), foi encontrado morto na madrugada desta segunda, 3, na cl\u00ednica psiqui\u00e1trica onde estava internado desde novembro. Ele apresentava quadro de depress\u00e3o grave. A hip\u00f3tese mais prov\u00e1vel \u00e9 [&hellip;]<\/p>\n","protected":false},"author":2,"featured_media":0,"comment_status":"open","ping_status":"open","sticky":false,"template":"","format":"standard","meta":{"_links_to":"","_links_to_target":""},"categories":[1],"tags":[],"_links":{"self":[{"href":"https:\/\/www.ilheusnoticias.net.br\/v1\/wp-json\/wp\/v2\/posts\/22991"}],"collection":[{"href":"https:\/\/www.ilheusnoticias.net.br\/v1\/wp-json\/wp\/v2\/posts"}],"about":[{"href":"https:\/\/www.ilheusnoticias.net.br\/v1\/wp-json\/wp\/v2\/types\/post"}],"author":[{"embeddable":true,"href":"https:\/\/www.ilheusnoticias.net.br\/v1\/wp-json\/wp\/v2\/users\/2"}],"replies":[{"embeddable":true,"href":"https:\/\/www.ilheusnoticias.net.br\/v1\/wp-json\/wp\/v2\/comments?post=22991"}],"version-history":[{"count":2,"href":"https:\/\/www.ilheusnoticias.net.br\/v1\/wp-json\/wp\/v2\/posts\/22991\/revisions"}],"predecessor-version":[{"id":22993,"href":"https:\/\/www.ilheusnoticias.net.br\/v1\/wp-json\/wp\/v2\/posts\/22991\/revisions\/22993"}],"wp:attachment":[{"href":"https:\/\/www.ilheusnoticias.net.br\/v1\/wp-json\/wp\/v2\/media?parent=22991"}],"wp:term":[{"taxonomy":"category","embeddable":true,"href":"https:\/\/www.ilheusnoticias.net.br\/v1\/wp-json\/wp\/v2\/categories?post=22991"},{"taxonomy":"post_tag","embeddable":true,"href":"https:\/\/www.ilheusnoticias.net.br\/v1\/wp-json\/wp\/v2\/tags?post=22991"}],"curies":[{"name":"wp","href":"https:\/\/api.w.org\/{rel}","templated":true}]}}