{"id":22975,"date":"2020-02-03T16:43:09","date_gmt":"2020-02-03T19:43:09","guid":{"rendered":"http:\/\/www.ilheusnoticias.net.br\/v1\/?p=22975"},"modified":"2020-02-03T16:43:09","modified_gmt":"2020-02-03T19:43:09","slug":"escolinha-de-fuitebol-de-ilheus-revelacao-fica-na-semifinal-na-copa-da-farinha-de-buerarema","status":"publish","type":"post","link":"https:\/\/www.ilheusnoticias.net.br\/v1\/2020\/02\/03\/escolinha-de-fuitebol-de-ilheus-revelacao-fica-na-semifinal-na-copa-da-farinha-de-buerarema\/","title":{"rendered":"Escolinha de Fuitebol de Ilh\u00e9us &#8220;Revela\u00e7\u00e3o&#8221; fica na semifinal na Copa da Farinha de Buerarema"},"content":{"rendered":"<p>&nbsp;<\/p>\n<div>\n<div class=\"PostContent\">\n<p>Terminou neste domingo, 02 de fevereiro, a 4\u00b0 copa da farinha de Buerarema. Organizada pela liga de futebol local e coordenada pelo competente Bogoi\u00f3, o evento reuniu atletas de v\u00e1rias partes da regi\u00e3o.<\/p>\n<p>Foram cinco dias com times de categorias de base de diversas cidades da Bahia. O time de Ilh\u00e9us, o Revela\u00e7\u00e3o, tamb\u00e9m participou. Apesar de ter feito uma boa campanha, o time infelizmente n\u00e3o conseguiu passar para a semifinal da Copa. Mesmo assim, os garotos est\u00e3o de parab\u00e9ns pelo empenho e dedica\u00e7\u00e3o.<\/p>\n<p>O diretor do time, Silmar, parabeniza a todos que apoiaram os meninos nessa jornada e, ao mesmo tempo, ao jornalista F\u00e1bio Roberto pelo apoio e divulga\u00e7\u00e3o em seu Site e nas redes sociais.<\/p>\n<p><img loading=\"lazy\" class=\"aligncenter  wp-image-48276\" src=\"http:\/\/www.fabiorobertonoticias.com.br\/v1\/wp-content\/uploads\/2020\/02\/IMG-20200203-WA0323-e1580748033379.jpg\" alt=\"IMG-20200203-WA0323\" width=\"563\" height=\"422\" \/><\/p>\n<\/div>\n<div class=\"cleared\">Informa\u00e7\u00f5es Blog Fabio Roberto<\/div>\n<\/div>\n","protected":false},"excerpt":{"rendered":"<p>&nbsp; Terminou neste domingo, 02 de fevereiro, a 4\u00b0 copa da farinha de Buerarema. Organizada pela liga de futebol local e coordenada pelo competente Bogoi\u00f3, o evento reuniu atletas de v\u00e1rias partes da regi\u00e3o. Foram cinco dias com times de categorias de base de diversas cidades da Bahia. O time de Ilh\u00e9us, o Revela\u00e7\u00e3o, tamb\u00e9m [&hellip;]<\/p>\n","protected":false},"author":2,"featured_media":0,"comment_status":"open","ping_status":"open","sticky":false,"template":"","format":"standard","meta":{"_links_to":"","_links_to_target":""},"categories":[1],"tags":[],"_links":{"self":[{"href":"https:\/\/www.ilheusnoticias.net.br\/v1\/wp-json\/wp\/v2\/posts\/22975"}],"collection":[{"href":"https:\/\/www.ilheusnoticias.net.br\/v1\/wp-json\/wp\/v2\/posts"}],"about":[{"href":"https:\/\/www.ilheusnoticias.net.br\/v1\/wp-json\/wp\/v2\/types\/post"}],"author":[{"embeddable":true,"href":"https:\/\/www.ilheusnoticias.net.br\/v1\/wp-json\/wp\/v2\/users\/2"}],"replies":[{"embeddable":true,"href":"https:\/\/www.ilheusnoticias.net.br\/v1\/wp-json\/wp\/v2\/comments?post=22975"}],"version-history":[{"count":1,"href":"https:\/\/www.ilheusnoticias.net.br\/v1\/wp-json\/wp\/v2\/posts\/22975\/revisions"}],"predecessor-version":[{"id":22976,"href":"https:\/\/www.ilheusnoticias.net.br\/v1\/wp-json\/wp\/v2\/posts\/22975\/revisions\/22976"}],"wp:attachment":[{"href":"https:\/\/www.ilheusnoticias.net.br\/v1\/wp-json\/wp\/v2\/media?parent=22975"}],"wp:term":[{"taxonomy":"category","embeddable":true,"href":"https:\/\/www.ilheusnoticias.net.br\/v1\/wp-json\/wp\/v2\/categories?post=22975"},{"taxonomy":"post_tag","embeddable":true,"href":"https:\/\/www.ilheusnoticias.net.br\/v1\/wp-json\/wp\/v2\/tags?post=22975"}],"curies":[{"name":"wp","href":"https:\/\/api.w.org\/{rel}","templated":true}]}}