{"id":22969,"date":"2020-02-03T09:56:55","date_gmt":"2020-02-03T12:56:55","guid":{"rendered":"http:\/\/www.ilheusnoticias.net.br\/v1\/?p=22969"},"modified":"2020-02-03T09:56:55","modified_gmt":"2020-02-03T12:56:55","slug":"aviao-cai-em-lagoa-de-fazenda-e-deixa-dois-mortos-em-teofilo-otoni","status":"publish","type":"post","link":"https:\/\/www.ilheusnoticias.net.br\/v1\/2020\/02\/03\/aviao-cai-em-lagoa-de-fazenda-e-deixa-dois-mortos-em-teofilo-otoni\/","title":{"rendered":"Avi\u00e3o cai em lagoa de fazenda e deixa dois mortos, em Te\u00f3filo Otoni"},"content":{"rendered":"<div id=\"precontent\" data-region=\"precontent\" data-id=\"48\" data-m=\"{&quot;i&quot;:48,&quot;n&quot;:&quot;precontent&quot;,&quot;y&quot;:6}\">\n<header class=\"collection-headline-flex\">\n<h1 tabindex=\"0\"><\/h1>\n<\/header>\n<section class=\"Modelinfo\">\n<div class=\"authorinfo-flexar\"><\/div>\n<\/section>\n<\/div>\n<div id=\"maincontent\">\n<div id=\"content\" class=\"content\">\n<div class=\"paddle next loaded\" data-aop=\"paddles_next\" data-id=\"91\" data-m=\"{&quot;i&quot;:91,&quot;p&quot;:89,&quot;n&quot;:&quot;HeadlineItemViewModel&quot;,&quot;y&quot;:13,&quot;l&quot;:&quot;BBZyig9&quot;,&quot;h&quot;:0,&quot;v&quot;:&quot;news&quot;,&quot;c&quot;:&quot;newsbrazil&quot;,&quot;o&quot;:2}\"><\/div>\n<article class=\"articlecontent allowvig loaded\" data-id=\"92\" data-m=\"{&quot;i&quot;:92,&quot;p&quot;:89,&quot;n&quot;:&quot;article&quot;,&quot;y&quot;:6,&quot;o&quot;:3}\" data-nativead-placements=\"article_aside:3;singlecard1:1;singlecard2:1;singlecard3:1;singlecard4:1;singlecard5:1;singlecard6:1;singlecard7:1;singlecard8:1;singlecard9:1;singlecard10:1;singlecard11:1;\">\n<section class=\"flexarticle\" data-id=\"93\" data-m=\"{&quot;i&quot;:93,&quot;p&quot;:92,&quot;n&quot;:&quot;flexarticle&quot;,&quot;y&quot;:6,&quot;o&quot;:1}\">\n<section class=\"articlebody  \" data-id=\"94\" data-m=\"{&quot;i&quot;:94,&quot;p&quot;:93,&quot;n&quot;:&quot;articlebody&quot;,&quot;y&quot;:6,&quot;o&quot;:1}\"><span class=\"storyimage fullwidth inlineimage\" data-aop=\"image\"><span class=\"image\" data-attrib=\"Facebook\/Reprodu\u00e7\u00e3o\" data-caption=\"Danilo Pungirum era o piloto e propriet\u00e1rio da aeronave\" data-id=\"95\" data-m=\"{&quot;i&quot;:95,&quot;p&quot;:94,&quot;n&quot;:&quot;openModal&quot;,&quot;t&quot;:&quot;articleImages&quot;,&quot;o&quot;:1}\"><img loading=\"lazy\" class=\"loaded aligncenter\" src=\"https:\/\/img-s-msn-com.akamaized.net\/tenant\/amp\/entityid\/BBZzg4k.img?h=480&amp;w=799&amp;m=6&amp;q=60&amp;o=f&amp;l=f&amp;x=188&amp;y=271\" alt=\"Danilo Pungirum era o piloto e propriet\u00e1rio da aeronave\" width=\"666\" height=\"399\" data-src=\"{&quot;default&quot;:{&quot;load&quot;:&quot;default&quot;,&quot;w&quot;:&quot;80&quot;,&quot;h&quot;:&quot;48&quot;,&quot;src&quot;:&quot;\/\/img-s-msn-com.akamaized.net\/tenant\/amp\/entityid\/BBZzg4k.img?h=480&amp;w=799&amp;m=6&amp;q=60&amp;o=f&amp;l=f&amp;x=188&amp;y=271&quot;},&quot;size3column&quot;:{&quot;load&quot;:&quot;default&quot;,&quot;w&quot;:&quot;62&quot;,&quot;h&quot;:&quot;38&quot;,&quot;src&quot;:&quot;\/\/img-s-msn-com.akamaized.net\/tenant\/amp\/entityid\/BBZzg4k.img?h=375&amp;w=624&amp;m=6&amp;q=60&amp;o=f&amp;l=f&amp;x=188&amp;y=271&quot;},&quot;size2column&quot;:{&quot;load&quot;:&quot;default&quot;,&quot;w&quot;:&quot;62&quot;,&quot;h&quot;:&quot;38&quot;,&quot;src&quot;:&quot;\/\/img-s-msn-com.akamaized.net\/tenant\/amp\/entityid\/BBZzg4k.img?h=375&amp;w=624&amp;m=6&amp;q=60&amp;o=f&amp;l=f&amp;x=188&amp;y=271&quot;}}\" \/><\/span><\/span><\/section>\n<section class=\"articlebody  \" data-id=\"94\" data-m=\"{&quot;i&quot;:94,&quot;p&quot;:93,&quot;n&quot;:&quot;articlebody&quot;,&quot;y&quot;:6,&quot;o&quot;:1}\"><\/section>\n<section class=\"articlebody  \" data-id=\"94\" data-m=\"{&quot;i&quot;:94,&quot;p&quot;:93,&quot;n&quot;:&quot;articlebody&quot;,&quot;y&quot;:6,&quot;o&quot;:1}\"><span class=\"storyimage fullwidth inlineimage\" data-aop=\"image\"><br \/>\n<\/span>Um avi\u00e3o de pequeno porte tentou fazer um pouso de emerg\u00eancia \u00e0s margens da MG-217, tr\u00eas minutos ap\u00f3s a decolagem, e caiu no in\u00edcio da noite deste s\u00e1bado (1\u00ba\/2), na lagoa da fazenda Pouso Alegre, em Te\u00f3filo Otoni, a Nordeste de Minas, deixando dois mortos. O avi\u00e3o havia percorrido apenas 17 quil\u00f4metros antes de cair.<\/p>\n<p>Estavam na aeronave, modelo RV-9A, o piloto Danilo Pungirum, que tamb\u00e9m seria o propriet\u00e1rio do avi\u00e3o, e o ocupante Fernando Soares.<\/p>\n<p>De acordo com as primeiras informa\u00e7\u00f5es do Corpo de Bombeiros, as buscas foram encerradas por volta das 21h30 de s\u00e1bado, porque\u00a0o local da queda era de dif\u00edcil visualiza\u00e7\u00e3o e n\u00e3o havia ilumina\u00e7\u00e3o suficiente. As buscas foram retomadas na manh\u00e3 deste domingo.<\/p>\n<p>As causas do acidente ser\u00e3o investigadas pelo Centro de Investiga\u00e7\u00e3o e Preven\u00e7\u00e3o de Acidentes Aeron\u00e1uticos (Cenipa).<\/p>\n<\/section>\n<\/section>\n<\/article>\n<\/div>\n<\/div>\n","protected":false},"excerpt":{"rendered":"<p>Um avi\u00e3o de pequeno porte tentou fazer um pouso de emerg\u00eancia \u00e0s margens da MG-217, tr\u00eas minutos ap\u00f3s a decolagem, e caiu no in\u00edcio da noite deste s\u00e1bado (1\u00ba\/2), na lagoa da fazenda Pouso Alegre, em Te\u00f3filo Otoni, a Nordeste de Minas, deixando dois mortos. O avi\u00e3o havia percorrido apenas 17 quil\u00f4metros antes de cair. [&hellip;]<\/p>\n","protected":false},"author":2,"featured_media":0,"comment_status":"open","ping_status":"open","sticky":false,"template":"","format":"standard","meta":{"_links_to":"","_links_to_target":""},"categories":[1],"tags":[],"_links":{"self":[{"href":"https:\/\/www.ilheusnoticias.net.br\/v1\/wp-json\/wp\/v2\/posts\/22969"}],"collection":[{"href":"https:\/\/www.ilheusnoticias.net.br\/v1\/wp-json\/wp\/v2\/posts"}],"about":[{"href":"https:\/\/www.ilheusnoticias.net.br\/v1\/wp-json\/wp\/v2\/types\/post"}],"author":[{"embeddable":true,"href":"https:\/\/www.ilheusnoticias.net.br\/v1\/wp-json\/wp\/v2\/users\/2"}],"replies":[{"embeddable":true,"href":"https:\/\/www.ilheusnoticias.net.br\/v1\/wp-json\/wp\/v2\/comments?post=22969"}],"version-history":[{"count":1,"href":"https:\/\/www.ilheusnoticias.net.br\/v1\/wp-json\/wp\/v2\/posts\/22969\/revisions"}],"predecessor-version":[{"id":22970,"href":"https:\/\/www.ilheusnoticias.net.br\/v1\/wp-json\/wp\/v2\/posts\/22969\/revisions\/22970"}],"wp:attachment":[{"href":"https:\/\/www.ilheusnoticias.net.br\/v1\/wp-json\/wp\/v2\/media?parent=22969"}],"wp:term":[{"taxonomy":"category","embeddable":true,"href":"https:\/\/www.ilheusnoticias.net.br\/v1\/wp-json\/wp\/v2\/categories?post=22969"},{"taxonomy":"post_tag","embeddable":true,"href":"https:\/\/www.ilheusnoticias.net.br\/v1\/wp-json\/wp\/v2\/tags?post=22969"}],"curies":[{"name":"wp","href":"https:\/\/api.w.org\/{rel}","templated":true}]}}