{"id":2287,"date":"2016-11-02T13:46:59","date_gmt":"2016-11-02T16:46:59","guid":{"rendered":"http:\/\/www.ilheusnoticias.net.br\/v1\/?p=2287"},"modified":"2016-11-02T13:46:59","modified_gmt":"2016-11-02T16:46:59","slug":"governo-do-estado-amplia-acoes-de-combate-a-incendios-na-chapada","status":"publish","type":"post","link":"https:\/\/www.ilheusnoticias.net.br\/v1\/2016\/11\/02\/governo-do-estado-amplia-acoes-de-combate-a-incendios-na-chapada\/","title":{"rendered":"Governo do Estado amplia a\u00e7\u00f5es de combate a inc\u00eandios na Chapada"},"content":{"rendered":"<p>Com a chegada de 15 bombeiros militares, dois helic\u00f3pteros e duas aeronaves, entre esta ter\u00e7a e quarta-feira, no munic\u00edpio de Rio Contas, o Governo do Estado est\u00e1 ampliando as a\u00e7\u00f5es de monitoramento e combate a inc\u00eandios que vem atingindo a regi\u00e3o. Al\u00e9m dos brigadistas que j\u00e1 estavam atuando no local, toda uma estrutura est\u00e1 sendo criada na regi\u00e3o para impedir o alastramento do fogo. Nesta ter\u00e7a, o secret\u00e1rio estadual do Meio Ambiente (Sema), Eug\u00eanio Spengler, esteve na regi\u00e3o e sobrevoou os locais atingidos pelos focos, avaliando a extens\u00e3o da queimada numa \u00e1rea estimada de 230 hectares, localizada principalmente na Serra dos Barbados e em torno do Pico das Almas.<\/p>\n<div id=\"x_Signature\">\n<div id=\"x_divtagdefaultwrapper\">\n<div>\n<div><!--more--><br \/>\nSegundo o secret\u00e1rio, a expectativa \u00e9 de chuva para a regi\u00e3o nos pr\u00f3ximos dias, mas mesmo com esse indicativo, todo o efetivo dispon\u00edvel para opera\u00e7\u00e3o continuar\u00e1 em Rio de Contas. \u201cO inc\u00eandio na Serra do Barbado j\u00e1 foi completamente controlado, inclusive j\u00e1 foi feito o rescaldo, at\u00e9 esta quarta esperamos extinguir riscos na \u00e1rea. E continuamos atentos a focos isolados que podem acontecer em \u00e1reas de dif\u00edcil acesso e com incid\u00eancia intensa de ventos. Portanto continuaremos aqui com os brigadistas volunt\u00e1rios, quinze homens do Corpo de Bombeiros vindos de Jequi\u00e9 e Vit\u00f3ria da Conquista e as aeronaves que j\u00e1 est\u00e3o no suporte \u00e0s equipes de solo\u201d, explicou.<\/p>\n<p>Os focos de inc\u00eandio na regi\u00e3o de Rio de Contas, munic\u00edpio da Chapada Diamantina a 738 quil\u00f4metros de Salvador, come\u00e7aram no \u00faltimo domingo (30) e, desde ent\u00e3o, contou com o apoio de mais de 10 brigadistas capacitados e equipados pelo Governo do Estado. Nesta ter\u00e7a, um dos helic\u00f3pteros que participavam da opera\u00e7\u00e3o, j\u00e1 levava e trazia os volunt\u00e1rios a cada novo foco de inc\u00eandio. Para o brigadista e tamb\u00e9m guia tur\u00edstico Samuel Ferreira da Silva, o trabalho no combate a inc\u00eandios foi a forma que encontrou para defender a natureza. \u201cA gente faz tudo isso pelo amor que temos \u00e0 natureza, pelas nascentes dos rios e pelos animais da regi\u00e3o. Sou morador de Rio de Contas e poder ajudar \u00e9 um privil\u00e9gio e motivo de alegria\u201d, contou.<\/p>\n<p>As a\u00e7\u00f5es de Rio de Contas e em toda Chapada Diamantina integram o programa Bahia sem Fogo, lan\u00e7ado em outubro deste ano para intensificar a preven\u00e7\u00e3o da ocorr\u00eancia de inc\u00eandios apostando na conscientiza\u00e7\u00e3o do baiano e de visitantes. As atividades incluem monitoramento a\u00e9reo permanente nos focos da regi\u00e3o, al\u00e9m de a\u00e7\u00f5es educativas como oficinas de educa\u00e7\u00e3o ambiental, por meio de encontros e discuss\u00f5es tem\u00e1ticas, rodas de conversa, entrega de materiais socioeducativos e interc\u00e2mbio de experi\u00eancias socioambientais. A ideia \u00e9 que moradores e estudantes da regi\u00e3o se tornem atores e multiplicadores dessas a\u00e7\u00f5es.<\/p><\/div>\n<p><span class=\"x_Apple-style-span\"><span class=\"x_Apple-style-span\" style=\"font-family: Times;\"><br \/>\n<\/span><\/span><\/div>\n<div><span class=\"x_Apple-style-span\"><span class=\"x_Apple-style-span\" style=\"font-family: Times;\">\u00a0<\/span><\/span><\/div>\n<div><span class=\"x_Apple-style-span\"><span class=\"x_Apple-style-span\" style=\"font-family: Times;\"><b><i>Fotos: Alberto Coutinho\/ GOVBA<\/i><\/b><\/span><\/span><\/div>\n<\/div>\n<\/div>\n<p>&nbsp;<\/p>\n","protected":false},"excerpt":{"rendered":"<p>Com a chegada de 15 bombeiros militares, dois helic\u00f3pteros e duas aeronaves, entre esta ter\u00e7a e quarta-feira, no munic\u00edpio de Rio Contas, o Governo do Estado est\u00e1 ampliando as a\u00e7\u00f5es de monitoramento e combate a inc\u00eandios que vem atingindo a regi\u00e3o. Al\u00e9m dos brigadistas que j\u00e1 estavam atuando no local, toda uma estrutura est\u00e1 sendo [&hellip;]<\/p>\n","protected":false},"author":2,"featured_media":0,"comment_status":"open","ping_status":"open","sticky":false,"template":"","format":"standard","meta":{"_links_to":"","_links_to_target":""},"categories":[1],"tags":[117],"_links":{"self":[{"href":"https:\/\/www.ilheusnoticias.net.br\/v1\/wp-json\/wp\/v2\/posts\/2287"}],"collection":[{"href":"https:\/\/www.ilheusnoticias.net.br\/v1\/wp-json\/wp\/v2\/posts"}],"about":[{"href":"https:\/\/www.ilheusnoticias.net.br\/v1\/wp-json\/wp\/v2\/types\/post"}],"author":[{"embeddable":true,"href":"https:\/\/www.ilheusnoticias.net.br\/v1\/wp-json\/wp\/v2\/users\/2"}],"replies":[{"embeddable":true,"href":"https:\/\/www.ilheusnoticias.net.br\/v1\/wp-json\/wp\/v2\/comments?post=2287"}],"version-history":[{"count":1,"href":"https:\/\/www.ilheusnoticias.net.br\/v1\/wp-json\/wp\/v2\/posts\/2287\/revisions"}],"predecessor-version":[{"id":2288,"href":"https:\/\/www.ilheusnoticias.net.br\/v1\/wp-json\/wp\/v2\/posts\/2287\/revisions\/2288"}],"wp:attachment":[{"href":"https:\/\/www.ilheusnoticias.net.br\/v1\/wp-json\/wp\/v2\/media?parent=2287"}],"wp:term":[{"taxonomy":"category","embeddable":true,"href":"https:\/\/www.ilheusnoticias.net.br\/v1\/wp-json\/wp\/v2\/categories?post=2287"},{"taxonomy":"post_tag","embeddable":true,"href":"https:\/\/www.ilheusnoticias.net.br\/v1\/wp-json\/wp\/v2\/tags?post=2287"}],"curies":[{"name":"wp","href":"https:\/\/api.w.org\/{rel}","templated":true}]}}