{"id":2285,"date":"2016-11-02T13:41:18","date_gmt":"2016-11-02T16:41:18","guid":{"rendered":"http:\/\/www.ilheusnoticias.net.br\/v1\/?p=2285"},"modified":"2016-11-02T13:41:18","modified_gmt":"2016-11-02T16:41:18","slug":"projeto-preve-reajuste-de-1067-aos-servidores-do-mp-baiano","status":"publish","type":"post","link":"https:\/\/www.ilheusnoticias.net.br\/v1\/2016\/11\/02\/projeto-preve-reajuste-de-1067-aos-servidores-do-mp-baiano\/","title":{"rendered":"PROJETO PREV\u00ca REAJUSTE DE 10,67% AOS SERVIDORES DO MP BAIANO"},"content":{"rendered":"<div class=\"Post\"><\/div>\n<div class=\"Post\">\n<div class=\"Post-body\">\n<div class=\"Post-inner article\">\n<div class=\"PostContent\">\n<p><a href=\"http:\/\/www.pimenta.blog.br\/2015\/09\/17\/gandu-mp-denuncia-advogados-e-bancaria\/mp-ba-2\/\" rel=\"attachment wp-att-160438\"><img loading=\"lazy\" class=\"alignright size-full wp-image-160438\" src=\"http:\/\/www.pimenta.blog.br\/wp-content\/uploads\/2015\/09\/mp-ba.jpg\" alt=\"mp ba\" width=\"284\" height=\"103\" \/><\/a>O Minist\u00e9rio P\u00fablico da Bahia (MPE-BA) encaminhou \u00e0 Assembleia Legislativa projeto de lei que reajusta em 10,67% os vencimentos, gratifica\u00e7\u00f5es e proventos dos servidores, as fun\u00e7\u00f5es de confian\u00e7a e os cargos em comiss\u00e3o do \u00f3rg\u00e3o a partir do dia 1\u00ba do m\u00eas de janeiro de 2016. O reajuste, conforme explicou a procuradora-geral de Justi\u00e7a, Ediene Santos Lousado, toma como base o \u00cdndice Nacional de Pre\u00e7os ao Consumidor Amplo (IPCA), acumulado no per\u00edodo de janeiro a dezembro de 2015.<\/p>\n<p>\u201cVale ressaltar que o impacto or\u00e7ament\u00e1rio anual do reajuste linear constante deste projeto \u00e9 pass\u00edvel de absor\u00e7\u00e3o pelo or\u00e7amento da Institui\u00e7\u00e3o\u201d, explicou a procuradora-geral, em of\u00edcio encaminhado aos deputados. De acordo com ela, a participa\u00e7\u00e3o da despesa total de pessoal sobre a Receita Corrente L\u00edquida (RCL), com o reajuste ficar\u00e1 em 1,57%, dentro, portanto, do limite prudencial de 1,90%.<\/p>\n<p>Ainda segundo Ediene Lousado, para os exerc\u00edcios de 2017 e 2018, estima-se a participa\u00e7\u00e3o de 1,59% e 1,64%, respectivamente, em ambos os casos, observadas outras despesas de pessoal e a previs\u00e3o de aumento anual da Receita Corrente L\u00edquida em 7,5%. O percentual de reajuste ser\u00e1 aplicado sobre os valores de vencimentos, gratifica\u00e7\u00f5es, fun\u00e7\u00f5es de confian\u00e7a e cargos em comiss\u00e3o vigentes em dezembro de 2015.<\/p>\n<\/div>\n<\/div>\n<\/div>\n<\/div>\n","protected":false},"excerpt":{"rendered":"<p>O Minist\u00e9rio P\u00fablico da Bahia (MPE-BA) encaminhou \u00e0 Assembleia Legislativa projeto de lei que reajusta em 10,67% os vencimentos, gratifica\u00e7\u00f5es e proventos dos servidores, as fun\u00e7\u00f5es de confian\u00e7a e os cargos em comiss\u00e3o do \u00f3rg\u00e3o a partir do dia 1\u00ba do m\u00eas de janeiro de 2016. O reajuste, conforme explicou a procuradora-geral de Justi\u00e7a, Ediene [&hellip;]<\/p>\n","protected":false},"author":2,"featured_media":0,"comment_status":"open","ping_status":"open","sticky":false,"template":"","format":"standard","meta":{"_links_to":"","_links_to_target":""},"categories":[1],"tags":[116,115],"_links":{"self":[{"href":"https:\/\/www.ilheusnoticias.net.br\/v1\/wp-json\/wp\/v2\/posts\/2285"}],"collection":[{"href":"https:\/\/www.ilheusnoticias.net.br\/v1\/wp-json\/wp\/v2\/posts"}],"about":[{"href":"https:\/\/www.ilheusnoticias.net.br\/v1\/wp-json\/wp\/v2\/types\/post"}],"author":[{"embeddable":true,"href":"https:\/\/www.ilheusnoticias.net.br\/v1\/wp-json\/wp\/v2\/users\/2"}],"replies":[{"embeddable":true,"href":"https:\/\/www.ilheusnoticias.net.br\/v1\/wp-json\/wp\/v2\/comments?post=2285"}],"version-history":[{"count":1,"href":"https:\/\/www.ilheusnoticias.net.br\/v1\/wp-json\/wp\/v2\/posts\/2285\/revisions"}],"predecessor-version":[{"id":2286,"href":"https:\/\/www.ilheusnoticias.net.br\/v1\/wp-json\/wp\/v2\/posts\/2285\/revisions\/2286"}],"wp:attachment":[{"href":"https:\/\/www.ilheusnoticias.net.br\/v1\/wp-json\/wp\/v2\/media?parent=2285"}],"wp:term":[{"taxonomy":"category","embeddable":true,"href":"https:\/\/www.ilheusnoticias.net.br\/v1\/wp-json\/wp\/v2\/categories?post=2285"},{"taxonomy":"post_tag","embeddable":true,"href":"https:\/\/www.ilheusnoticias.net.br\/v1\/wp-json\/wp\/v2\/tags?post=2285"}],"curies":[{"name":"wp","href":"https:\/\/api.w.org\/{rel}","templated":true}]}}