{"id":2273,"date":"2016-11-02T13:22:12","date_gmt":"2016-11-02T16:22:12","guid":{"rendered":"http:\/\/www.ilheusnoticias.net.br\/v1\/?p=2273"},"modified":"2016-11-02T13:22:12","modified_gmt":"2016-11-02T16:22:12","slug":"lei-que-eleva-vaquejada-a-patrimonio-cultural-e-aprovada-no-senado-e-vai-a-sancao-presidencial","status":"publish","type":"post","link":"https:\/\/www.ilheusnoticias.net.br\/v1\/2016\/11\/02\/lei-que-eleva-vaquejada-a-patrimonio-cultural-e-aprovada-no-senado-e-vai-a-sancao-presidencial\/","title":{"rendered":"Lei que eleva vaquejada a patrim\u00f4nio cultural \u00e9 aprovada no Senado e vai a san\u00e7\u00e3o presidencial"},"content":{"rendered":"<div class=\"PostContent\">\n<p><a href=\"http:\/\/www.agravo.blog.br\/wp-content\/uploads\/2016\/10\/vaquejada-400x269.jpg\"><img loading=\"lazy\" class=\"aligncenter size-full wp-image-54587\" src=\"http:\/\/www.agravo.blog.br\/wp-content\/uploads\/2016\/10\/vaquejada-400x269.jpg\" alt=\"vaquejada-400x269\" width=\"400\" height=\"269\" \/><\/a><\/p>\n<p>Uma semana ap\u00f3s a manifesta\u00e7\u00e3o que tomou a Esplanada dos Minist\u00e9rios, em Bras\u00edlia, de pessoas a favor da vaquejada no Brasil, o Plen\u00e1rio do Senado Federal aprovou na tarde de hoje (01\/11) o Projeto de Lei da C\u00e2mara dos Deputados (PLC) 24\/2016, que eleva a vaquejada \u00e0 condi\u00e7\u00e3o de manifesta\u00e7\u00e3o cultural nacional e de patrim\u00f4nio cultural imaterial. A partir de agora, o texto segue para san\u00e7\u00e3o.<\/p>\n<p>O projeto, de autoria do deputado federal Capit\u00e3o Augusto (PR\/SP), teve como relator, na Comiss\u00e3o de Educa\u00e7\u00e3o, Culta e Esporte, o senador Otto Alencar (PSD\/BA). O senador emitiu parecer favor\u00e1vel e aproveitou a oportunidade para votar requerimento pedindo regime de urg\u00eancia para sua an\u00e1lise no plen\u00e1rio do Senado, o que ocorreu na sess\u00e3o deliberativa desta tarde, aprovado por vota\u00e7\u00e3o simb\u00f3lica. O projeto j\u00e1 havia sido aprovado pela C\u00e2mara dos Deputados.<\/p>\n<p><!--more--><\/p>\n<p>Otto Alencar (PSD\/BA), comemorou a vit\u00f3ria do projeto e reiterou que a vaquejada \u00e9 um tema importante e que deve ser respeitado. \u201cFico muito feliz em saber que temos um caminho para que n\u00e3o se permita que acabe uma cultura t\u00e3o enraizada quanto a vaquejada no Nordeste e em v\u00e1rias outras regi\u00f5es do pa\u00eds. A vota\u00e7\u00e3o foi quase un\u00e2nime na Comiss\u00e3o e no plen\u00e1rio, afirmou.<\/p>\n<p>A proposta n\u00e3o legaliza a pr\u00e1tica, mas segundo Alencar \u00e9 um primeiro passo para reverter a decis\u00e3o do Supremo Tribunal Federal (STF), que h\u00e1 duas semanas julgou inconstitucional lei do Cear\u00e1 que regulamentava a pr\u00e1tica como manifesta\u00e7\u00e3o cultural e esportiva.<\/p>\n<p>Na vota\u00e7\u00e3o realizada na comiss\u00e3o, mais cedo, a maioria dos senadores presentes defendeu a vaquejada \u2014 nomes como Ricardo Ferra\u00e7o (PSDB\/ES), Ciro Nogueira (PP\/PI), Jos\u00e9 Agripino (DEM\/RN) e Roberto Muniz (PP\/BA), que pediu a palavra para discursar sobre a evolu\u00e7\u00e3o da pr\u00e1tica. \u201cTodo o Nordeste tem aperfei\u00e7oado a vaquejada atrav\u00e9s de atividades, atitudes e leis que fazem privilegiam o bem-estar dos animais. Assim tem sido em todos os estados brasileiros e tem sido assim no dia a dia das vaquejadas\u201d, finalizou Muniz.<\/p>\n<p>A senadora L\u00eddice da Mata (PSB\/BA) destacou: \u201cEu n\u00e3o creio que possa haver uma discuss\u00e3o que negue essa proposta\u201d, divulgando o seu voto a favor do projeto. Garibaldi Alves Filho (PMDB\/RN) fez um longo discurso sobre a import\u00e2ncia n\u00e3o s\u00f3 cultural, mas tamb\u00e9m econ\u00f4mica, da vaquejada para todo o pa\u00eds. O senador fez quest\u00e3o de citar os vaqueiros. \u201cEu queria chamar aten\u00e7\u00e3o para o cuidado que sempre houve por parte dos vaqueiros com rela\u00e7\u00e3o \u00e0queles que realmente dependem desses cuidados, que s\u00e3o os animais, o gado.\u201d<\/p>\n<\/div>\n<p>&nbsp;<\/p>\n","protected":false},"excerpt":{"rendered":"<p>Uma semana ap\u00f3s a manifesta\u00e7\u00e3o que tomou a Esplanada dos Minist\u00e9rios, em Bras\u00edlia, de pessoas a favor da vaquejada no Brasil, o Plen\u00e1rio do Senado Federal aprovou na tarde de hoje (01\/11) o Projeto de Lei da C\u00e2mara dos Deputados (PLC) 24\/2016, que eleva a vaquejada \u00e0 condi\u00e7\u00e3o de manifesta\u00e7\u00e3o cultural nacional e de patrim\u00f4nio [&hellip;]<\/p>\n","protected":false},"author":2,"featured_media":0,"comment_status":"open","ping_status":"open","sticky":false,"template":"","format":"standard","meta":{"_links_to":"","_links_to_target":""},"categories":[1],"tags":[112],"_links":{"self":[{"href":"https:\/\/www.ilheusnoticias.net.br\/v1\/wp-json\/wp\/v2\/posts\/2273"}],"collection":[{"href":"https:\/\/www.ilheusnoticias.net.br\/v1\/wp-json\/wp\/v2\/posts"}],"about":[{"href":"https:\/\/www.ilheusnoticias.net.br\/v1\/wp-json\/wp\/v2\/types\/post"}],"author":[{"embeddable":true,"href":"https:\/\/www.ilheusnoticias.net.br\/v1\/wp-json\/wp\/v2\/users\/2"}],"replies":[{"embeddable":true,"href":"https:\/\/www.ilheusnoticias.net.br\/v1\/wp-json\/wp\/v2\/comments?post=2273"}],"version-history":[{"count":1,"href":"https:\/\/www.ilheusnoticias.net.br\/v1\/wp-json\/wp\/v2\/posts\/2273\/revisions"}],"predecessor-version":[{"id":2274,"href":"https:\/\/www.ilheusnoticias.net.br\/v1\/wp-json\/wp\/v2\/posts\/2273\/revisions\/2274"}],"wp:attachment":[{"href":"https:\/\/www.ilheusnoticias.net.br\/v1\/wp-json\/wp\/v2\/media?parent=2273"}],"wp:term":[{"taxonomy":"category","embeddable":true,"href":"https:\/\/www.ilheusnoticias.net.br\/v1\/wp-json\/wp\/v2\/categories?post=2273"},{"taxonomy":"post_tag","embeddable":true,"href":"https:\/\/www.ilheusnoticias.net.br\/v1\/wp-json\/wp\/v2\/tags?post=2273"}],"curies":[{"name":"wp","href":"https:\/\/api.w.org\/{rel}","templated":true}]}}