{"id":2265,"date":"2016-11-01T16:21:50","date_gmt":"2016-11-01T19:21:50","guid":{"rendered":"http:\/\/www.ilheusnoticias.net.br\/v1\/?p=2265"},"modified":"2016-11-01T16:21:50","modified_gmt":"2016-11-01T19:21:50","slug":"deputada-angela-e-o-prefeito-eleito-de-ilheus-marao-participam-de-culto-de-acao-de-gracas","status":"publish","type":"post","link":"https:\/\/www.ilheusnoticias.net.br\/v1\/2016\/11\/01\/deputada-angela-e-o-prefeito-eleito-de-ilheus-marao-participam-de-culto-de-acao-de-gracas\/","title":{"rendered":"Deputada \u00c2ngela e o Prefeito eleito de Ilh\u00e9us, Mar\u00e3o participam de culto de a\u00e7\u00e3o de gra\u00e7as"},"content":{"rendered":"<p><a href=\"http:\/\/www.ilheusnoticias.net.br\/v1\/wp-content\/uploads\/2016\/11\/culto-3.jpg\" rel=\"attachment wp-att-2266\"><img loading=\"lazy\" class=\"aligncenter size-medium wp-image-2266\" src=\"http:\/\/www.ilheusnoticias.net.br\/v1\/wp-content\/uploads\/2016\/11\/culto-3-300x219.jpg\" alt=\"culto-3\" width=\"300\" height=\"219\" srcset=\"https:\/\/www.ilheusnoticias.net.br\/v1\/wp-content\/uploads\/2016\/11\/culto-3-300x219.jpg 300w, https:\/\/www.ilheusnoticias.net.br\/v1\/wp-content\/uploads\/2016\/11\/culto-3.jpg 960w\" sizes=\"(max-width: 300px) 100vw, 300px\" \/><\/a><\/p>\n<p>Diz a Deputada \u00c2ngela Souza:<\/p>\n<p>Na \u00faltima segunda -feira (31), participei juntamente ao prefeito eleito M\u00e1rio Alexandre e o vice Nazal do culto em a\u00e7\u00e3o de gra\u00e7as, na sede da igreja Evang\u00e9lica Assembleia de Deus na cidade, pela vit\u00f3ria do nosso vereador eleito Pastor Matos (PSD), membro da Igreja Assembleia de Deus (IAD) e dos futuros gestores da cidade.<\/p>\n<p><a href=\"http:\/\/www.ilheusnoticias.net.br\/v1\/wp-content\/uploads\/2016\/11\/culto-2.jpg\" rel=\"attachment wp-att-2267\"><img loading=\"lazy\" class=\"aligncenter size-medium wp-image-2267\" src=\"http:\/\/www.ilheusnoticias.net.br\/v1\/wp-content\/uploads\/2016\/11\/culto-2-300x200.jpg\" alt=\"culto-2\" width=\"300\" height=\"200\" srcset=\"https:\/\/www.ilheusnoticias.net.br\/v1\/wp-content\/uploads\/2016\/11\/culto-2-300x200.jpg 300w, https:\/\/www.ilheusnoticias.net.br\/v1\/wp-content\/uploads\/2016\/11\/culto-2.jpg 960w\" sizes=\"(max-width: 300px) 100vw, 300px\" \/><\/a><\/p>\n<p>Toda igreja orou para que a nova administra\u00e7\u00e3o tenha sucesso e que Deus possa dar sabedoria a cada um para realizar uma gest\u00e3o justa e comprometida com o p<span class=\"text_exposed_show\">ovo de Ilh\u00e9us, e eu mais uma vez agradeci a Deus e aos membros da Igreja por ter nos ajudado nesta caminhada rumo \u00e0 vit\u00f3ria concedida. \u201cEu louvo a Deus pela vitoria de M\u00e1rio Alexandre, Nazal, vereador Pastor Matos e demais vereadores eleitos que com certeza estar\u00e3o sendo guiados pelo Senhor para fazer muito mais para nossa gente, juntos e de m\u00e3os dadas vamos cuidar de Ilh\u00e9us\u201d, que Deus aben\u00e7oe!!<\/span><\/p>\n<p><a href=\"http:\/\/www.ilheusnoticias.net.br\/v1\/wp-content\/uploads\/2016\/11\/culto-1.jpg\" rel=\"attachment wp-att-2268\"><img loading=\"lazy\" class=\"aligncenter size-medium wp-image-2268\" src=\"http:\/\/www.ilheusnoticias.net.br\/v1\/wp-content\/uploads\/2016\/11\/culto-1-300x200.jpg\" alt=\"culto-1\" width=\"300\" height=\"200\" srcset=\"https:\/\/www.ilheusnoticias.net.br\/v1\/wp-content\/uploads\/2016\/11\/culto-1-300x200.jpg 300w, https:\/\/www.ilheusnoticias.net.br\/v1\/wp-content\/uploads\/2016\/11\/culto-1.jpg 960w\" sizes=\"(max-width: 300px) 100vw, 300px\" \/><\/a><\/p>\n","protected":false},"excerpt":{"rendered":"<p>Diz a Deputada \u00c2ngela Souza: Na \u00faltima segunda -feira (31), participei juntamente ao prefeito eleito M\u00e1rio Alexandre e o vice Nazal do culto em a\u00e7\u00e3o de gra\u00e7as, na sede da igreja Evang\u00e9lica Assembleia de Deus na cidade, pela vit\u00f3ria do nosso vereador eleito Pastor Matos (PSD), membro da Igreja Assembleia de Deus (IAD) e dos [&hellip;]<\/p>\n","protected":false},"author":2,"featured_media":0,"comment_status":"open","ping_status":"open","sticky":false,"template":"","format":"standard","meta":{"_links_to":"","_links_to_target":""},"categories":[9],"tags":[],"_links":{"self":[{"href":"https:\/\/www.ilheusnoticias.net.br\/v1\/wp-json\/wp\/v2\/posts\/2265"}],"collection":[{"href":"https:\/\/www.ilheusnoticias.net.br\/v1\/wp-json\/wp\/v2\/posts"}],"about":[{"href":"https:\/\/www.ilheusnoticias.net.br\/v1\/wp-json\/wp\/v2\/types\/post"}],"author":[{"embeddable":true,"href":"https:\/\/www.ilheusnoticias.net.br\/v1\/wp-json\/wp\/v2\/users\/2"}],"replies":[{"embeddable":true,"href":"https:\/\/www.ilheusnoticias.net.br\/v1\/wp-json\/wp\/v2\/comments?post=2265"}],"version-history":[{"count":1,"href":"https:\/\/www.ilheusnoticias.net.br\/v1\/wp-json\/wp\/v2\/posts\/2265\/revisions"}],"predecessor-version":[{"id":2269,"href":"https:\/\/www.ilheusnoticias.net.br\/v1\/wp-json\/wp\/v2\/posts\/2265\/revisions\/2269"}],"wp:attachment":[{"href":"https:\/\/www.ilheusnoticias.net.br\/v1\/wp-json\/wp\/v2\/media?parent=2265"}],"wp:term":[{"taxonomy":"category","embeddable":true,"href":"https:\/\/www.ilheusnoticias.net.br\/v1\/wp-json\/wp\/v2\/categories?post=2265"},{"taxonomy":"post_tag","embeddable":true,"href":"https:\/\/www.ilheusnoticias.net.br\/v1\/wp-json\/wp\/v2\/tags?post=2265"}],"curies":[{"name":"wp","href":"https:\/\/api.w.org\/{rel}","templated":true}]}}