{"id":2262,"date":"2016-11-01T15:48:53","date_gmt":"2016-11-01T18:48:53","guid":{"rendered":"http:\/\/www.ilheusnoticias.net.br\/v1\/?p=2262"},"modified":"2016-11-01T15:48:53","modified_gmt":"2016-11-01T18:48:53","slug":"cdl-de-ilheus-repudia-feira-itinarante-a-feira-e-conhecida-comofeira-do-bras","status":"publish","type":"post","link":"https:\/\/www.ilheusnoticias.net.br\/v1\/2016\/11\/01\/cdl-de-ilheus-repudia-feira-itinarante-a-feira-e-conhecida-comofeira-do-bras\/","title":{"rendered":"CDL de Ilh\u00e9us repudia feira itinarante: A Feira \u00e9 conhecida como\u201cFeira do Br\u00e1s\u201d"},"content":{"rendered":"<p><a href=\"http:\/\/www.ilheusnoticias.net.br\/v1\/wp-content\/uploads\/2016\/11\/thumbnail_DIRETORIA-DA-CDL-DE-ILH\u00c9US-640x360.jpg\" rel=\"attachment wp-att-2263\"><img loading=\"lazy\" class=\"aligncenter size-medium wp-image-2263\" src=\"http:\/\/www.ilheusnoticias.net.br\/v1\/wp-content\/uploads\/2016\/11\/thumbnail_DIRETORIA-DA-CDL-DE-ILH\u00c9US-640x360-300x169.jpg\" alt=\"thumbnail_diretoria-da-cdl-de-ilheus-640x360\" width=\"300\" height=\"169\" srcset=\"https:\/\/www.ilheusnoticias.net.br\/v1\/wp-content\/uploads\/2016\/11\/thumbnail_DIRETORIA-DA-CDL-DE-ILH\u00c9US-640x360-300x169.jpg 300w, https:\/\/www.ilheusnoticias.net.br\/v1\/wp-content\/uploads\/2016\/11\/thumbnail_DIRETORIA-DA-CDL-DE-ILH\u00c9US-640x360.jpg 640w\" sizes=\"(max-width: 300px) 100vw, 300px\" \/><\/a><\/p>\n<p>A oscila\u00e7\u00e3o da economia tem colocado em risco o futuro dos lojistas em todo o pa\u00eds, e aqui em Ilh\u00e9us, em meio a essa situa\u00e7\u00e3o preocupante, os comerciantes tiveram mais um problema este fim de semana. Eles est\u00e3o indignados com a realiza\u00e7\u00e3o de uma feira itinerante conhecida como \u201cFeira do Br\u00e1s\u201d, na APCEF \u2013 Associa\u00e7\u00e3o do Pessoal da Caixa Econ\u00f4mica Federal, na BA 001, in\u00edcio da rodovia Ilh\u00e9us &#8211; Oliven\u00e7a.<\/p>\n<p>Mais de 30 comerciantes do Br\u00e1s, em S\u00e3o Paulo, montaram barracas e venderam os mais variados produtos por pre\u00e7os bem mais baixos do que os praticados no mercado local. Para o presidente em exerc\u00edcio da C\u00e2mara de Dirigentes Lojistas de Ilh\u00e9us, Cl\u00f3vis J\u00fanior, esta feira representa uma afronta aos comerciantes do munic\u00edpio. \u201cSomos n\u00f3s quem geramos empregos, pagamos uma alta carga tribut\u00e1ria o ano inteiro, e obviamente, pra cumprir com tantas obriga\u00e7\u00f5es n\u00e3o temos como concorrer de forma leal com essas pessoas que chegam, montam suas barracas, e depois simplesmente, v\u00e3o embora. N\u00e3o contribuem em nada pra riqueza do nosso munic\u00edpio\u201d, explicou.<\/p>\n<p>Cl\u00f3vis disse ainda que buscou informa\u00e7\u00f5es junto \u00e0 Secretaria de Ind\u00fastria e Com\u00e9rcio do Munic\u00edpio, e foi informado de que a Secretaria n\u00e3o liberou o alvar\u00e1 de funcionamento da Feira. \u201c\u00c9 responsabilidade da nossa diretoria defender, orientar e representar os leg\u00edtimos interesses da CDL e dos associados frente aos poderes p\u00fablicos. Queremos deixar claro nosso rep\u00fadio e dizer que temos a certeza de que a autoriza\u00e7\u00e3o n\u00e3o partiu do Secret\u00e1rio de Ind\u00fastria e Com\u00e9rcio, Roberto Garcia, pois tal postura n\u00e3o estaria de acordo com o respeito que ele tem pela cidade e pelo com\u00e9rcio\u201d, disse Cl\u00f3vis.<\/p>\n<p>A diretoria da CDL de Ilh\u00e9us e os comerciantes, disseram que n\u00e3o aceitar\u00e3o mais esse tipo de evento que contraria a legisla\u00e7\u00e3o municipal. \u201cVamos nos esfor\u00e7ar no que for da nossa compet\u00eancia, pra evitar esse tipo de feira itinerante que em nada beneficia o nosso munic\u00edpio. Provoca sim queda nas vendas do com\u00e9rcio local, gerando\u00a0desemprego e at\u00e9 o fechamento de empresas\u201d, concluiu.<\/p>\n","protected":false},"excerpt":{"rendered":"<p>A oscila\u00e7\u00e3o da economia tem colocado em risco o futuro dos lojistas em todo o pa\u00eds, e aqui em Ilh\u00e9us, em meio a essa situa\u00e7\u00e3o preocupante, os comerciantes tiveram mais um problema este fim de semana. Eles est\u00e3o indignados com a realiza\u00e7\u00e3o de uma feira itinerante conhecida como \u201cFeira do Br\u00e1s\u201d, na APCEF \u2013 Associa\u00e7\u00e3o [&hellip;]<\/p>\n","protected":false},"author":2,"featured_media":0,"comment_status":"open","ping_status":"open","sticky":false,"template":"","format":"standard","meta":{"_links_to":"","_links_to_target":""},"categories":[9],"tags":[111],"_links":{"self":[{"href":"https:\/\/www.ilheusnoticias.net.br\/v1\/wp-json\/wp\/v2\/posts\/2262"}],"collection":[{"href":"https:\/\/www.ilheusnoticias.net.br\/v1\/wp-json\/wp\/v2\/posts"}],"about":[{"href":"https:\/\/www.ilheusnoticias.net.br\/v1\/wp-json\/wp\/v2\/types\/post"}],"author":[{"embeddable":true,"href":"https:\/\/www.ilheusnoticias.net.br\/v1\/wp-json\/wp\/v2\/users\/2"}],"replies":[{"embeddable":true,"href":"https:\/\/www.ilheusnoticias.net.br\/v1\/wp-json\/wp\/v2\/comments?post=2262"}],"version-history":[{"count":1,"href":"https:\/\/www.ilheusnoticias.net.br\/v1\/wp-json\/wp\/v2\/posts\/2262\/revisions"}],"predecessor-version":[{"id":2264,"href":"https:\/\/www.ilheusnoticias.net.br\/v1\/wp-json\/wp\/v2\/posts\/2262\/revisions\/2264"}],"wp:attachment":[{"href":"https:\/\/www.ilheusnoticias.net.br\/v1\/wp-json\/wp\/v2\/media?parent=2262"}],"wp:term":[{"taxonomy":"category","embeddable":true,"href":"https:\/\/www.ilheusnoticias.net.br\/v1\/wp-json\/wp\/v2\/categories?post=2262"},{"taxonomy":"post_tag","embeddable":true,"href":"https:\/\/www.ilheusnoticias.net.br\/v1\/wp-json\/wp\/v2\/tags?post=2262"}],"curies":[{"name":"wp","href":"https:\/\/api.w.org\/{rel}","templated":true}]}}