{"id":2260,"date":"2016-11-01T15:41:45","date_gmt":"2016-11-01T18:41:45","guid":{"rendered":"http:\/\/www.ilheusnoticias.net.br\/v1\/?p=2260"},"modified":"2016-11-01T15:41:45","modified_gmt":"2016-11-01T18:41:45","slug":"boticario-supera-expectativa-de-geracao-de-emprego-em-fabrica-na-bahia","status":"publish","type":"post","link":"https:\/\/www.ilheusnoticias.net.br\/v1\/2016\/11\/01\/boticario-supera-expectativa-de-geracao-de-emprego-em-fabrica-na-bahia\/","title":{"rendered":"Botic\u00e1rio supera expectativa de gera\u00e7\u00e3o de emprego em f\u00e1brica na Bahia"},"content":{"rendered":"<div><\/div>\n<div>O Grupo Botic\u00e1rio superou as expectativas em rela\u00e7\u00e3o \u00e0 cria\u00e7\u00e3o de empregos na Bahia. Com previs\u00e3o de oferecer 500 vagas, a f\u00e1brica da empresa localizada no munic\u00edpio de Cama\u00e7ari gerou 750 empregos diretos e 150 indiretos. &#8220;\u00c9 uma satisfa\u00e7\u00e3o termos um empreendimento gerando emprego e se preocupando com a oferta de capacita\u00e7\u00e3o em Cama\u00e7ari\u201d, afirmou o governador Rui Costa, que visitou, nesta ter\u00e7a-feira (1\u00ba), a unidade situada na Regi\u00e3o Metropolitana de Salvador (RMS).<\/div>\n<div><\/div>\n<div>Acompanhado do secret\u00e1rio de Desenvolvimento Econ\u00f4mico (SDE), Jorge Hereda, Rui conheceu todo o processo de produ\u00e7\u00e3o da unidade e foi apresentado ao projeto de capacita\u00e7\u00e3o e desenvolvimento de pessoas atrav\u00e9s da beleza, chamado de M\u00f3dulo Vocacional Tecnol\u00f3gico, que vai funcionar no pavilh\u00e3o de aulas, doado pelo Ifba, com cursos gratuitos na \u00e1rea de est\u00e9tica \u2013 os primeiros da regi\u00e3o.<\/div>\n<div><\/div>\n<div>A iniciativa demonstra uma \u201csintonia\u201d do grupo com o empenho do Governo em criar oportunidades no estado. \u201cO n\u00facleo de capacita\u00e7\u00e3o de beleza \u00e9 mais um instrumento de fomento \u00e0 Educa\u00e7\u00e3o Profissional. O Grupo Botic\u00e1rio tem uma vis\u00e3o muito pr\u00f3xima do que prev\u00ea o Educar para Transformar, no que diz respeito \u00e0 garantia da oportunidade. Nos \u00faltimos dez anos, tivemos um aumento significativo de estruturas educacionais, a exemplo das universidades p\u00fablicas e dos institutos federais. E o resultado tem sido positivo. \u00c9 crescente o n\u00famero de baianos aprovados em vestibulares entre outros processos seletivos, al\u00e9m de mais preparados para disputarem uma vaga de emprego\u201d, destacou Rui Costa.<\/div>\n<div><\/div>\n<div><b>Inclus\u00e3o e capacita\u00e7\u00e3o<\/b><\/div>\n<div><\/div>\n<div>Metade dos postos de trabalho criados pelo Grupo Botic\u00e1rio em Cama\u00e7ari \u00e9 ocupada por mulheres. A empresa possui uma pol\u00edtica especial voltada \u00e0 inclus\u00e3o de mulheres no mercado de trabalho, principalmente no P\u00f3lo Industrial de Cama\u00e7ari, onde os postos s\u00e3o predominantemente ocupados por homens.<\/div>\n<div><\/div>\n<div>O grupo, que tamb\u00e9m possui um Centro de Distribui\u00e7\u00e3o (CD) na cidade de S\u00e3o Gon\u00e7alo dos Campos, ainda desenvolve programas de trainee, est\u00e1gio e jovem aprendiz, realizando outros cursos de capacita\u00e7\u00e3o. Na Bahia, j\u00e1 capacitou mil pessoas nas \u00e1reas de marketing, log\u00edstica, produ\u00e7\u00e3o e auto maquiagem. Desse n\u00famero, 150 foram contratados pela empresa, que tamb\u00e9m j\u00e1 investiu mais de R$ 10 milh\u00f5es, na Bahia, em projetos que contemplam Cultura e Educa\u00e7\u00e3o.<\/div>\n<div><\/div>\n<div><b>F\u00e1brica<\/b><\/div>\n<div><\/div>\n<div>A f\u00e1brica em Cama\u00e7ari, constru\u00edda em uma \u00e1rea de 65 mil metros quadrados, foi dimensionada para produzir itens de perfumaria e cremes de alto giro, atendendo 80% da demanda do Grupo Botic\u00e1rio nas regi\u00f5es Norte e Nordeste.<\/div>\n<p>&nbsp;<\/p>\n<p><b><i>Fotos: Carol Garcia\/GOVBA<\/i><\/b><\/p>\n<div id=\"x_Signature\"><\/div>\n","protected":false},"excerpt":{"rendered":"<p>O Grupo Botic\u00e1rio superou as expectativas em rela\u00e7\u00e3o \u00e0 cria\u00e7\u00e3o de empregos na Bahia. Com previs\u00e3o de oferecer 500 vagas, a f\u00e1brica da empresa localizada no munic\u00edpio de Cama\u00e7ari gerou 750 empregos diretos e 150 indiretos. &#8220;\u00c9 uma satisfa\u00e7\u00e3o termos um empreendimento gerando emprego e se preocupando com a oferta de capacita\u00e7\u00e3o em Cama\u00e7ari\u201d, afirmou [&hellip;]<\/p>\n","protected":false},"author":2,"featured_media":0,"comment_status":"open","ping_status":"open","sticky":false,"template":"","format":"standard","meta":{"_links_to":"","_links_to_target":""},"categories":[1],"tags":[],"_links":{"self":[{"href":"https:\/\/www.ilheusnoticias.net.br\/v1\/wp-json\/wp\/v2\/posts\/2260"}],"collection":[{"href":"https:\/\/www.ilheusnoticias.net.br\/v1\/wp-json\/wp\/v2\/posts"}],"about":[{"href":"https:\/\/www.ilheusnoticias.net.br\/v1\/wp-json\/wp\/v2\/types\/post"}],"author":[{"embeddable":true,"href":"https:\/\/www.ilheusnoticias.net.br\/v1\/wp-json\/wp\/v2\/users\/2"}],"replies":[{"embeddable":true,"href":"https:\/\/www.ilheusnoticias.net.br\/v1\/wp-json\/wp\/v2\/comments?post=2260"}],"version-history":[{"count":1,"href":"https:\/\/www.ilheusnoticias.net.br\/v1\/wp-json\/wp\/v2\/posts\/2260\/revisions"}],"predecessor-version":[{"id":2261,"href":"https:\/\/www.ilheusnoticias.net.br\/v1\/wp-json\/wp\/v2\/posts\/2260\/revisions\/2261"}],"wp:attachment":[{"href":"https:\/\/www.ilheusnoticias.net.br\/v1\/wp-json\/wp\/v2\/media?parent=2260"}],"wp:term":[{"taxonomy":"category","embeddable":true,"href":"https:\/\/www.ilheusnoticias.net.br\/v1\/wp-json\/wp\/v2\/categories?post=2260"},{"taxonomy":"post_tag","embeddable":true,"href":"https:\/\/www.ilheusnoticias.net.br\/v1\/wp-json\/wp\/v2\/tags?post=2260"}],"curies":[{"name":"wp","href":"https:\/\/api.w.org\/{rel}","templated":true}]}}