{"id":2247,"date":"2016-11-01T15:19:33","date_gmt":"2016-11-01T18:19:33","guid":{"rendered":"http:\/\/www.ilheusnoticias.net.br\/v1\/?p=2247"},"modified":"2016-11-01T15:19:33","modified_gmt":"2016-11-01T18:19:33","slug":"morre-o-trompetista-deusdete-sena","status":"publish","type":"post","link":"https:\/\/www.ilheusnoticias.net.br\/v1\/2016\/11\/01\/morre-o-trompetista-deusdete-sena\/","title":{"rendered":"MORRE O TROMPETISTA DEUSDETE SENA"},"content":{"rendered":"<h3><img class=\"wp-image-169691\" src=\"http:\/\/i1.wp.com\/www.blogdogusmao.com.br\/v1\/wp-content\/uploads\/2016\/11\/Deusdete-Sena.jpg?resize=590%2C290\" alt=\"Esta imagem de Deusdete \u00e9 de abril de 2013. Foi feita num momento de celebra\u00e7\u00e3o, diante do bolo de uma festa. \" data-recalc-dims=\"1\" \/><\/h3>\n<div class=\"PostContent\">\n<div id=\"attachment_169691\" class=\"wp-caption aligncenter\">\n<p class=\"wp-caption-text\">A imagem de Deusdete \u00e9 de abril de 2013. Foi feita num momento de celebra\u00e7\u00e3o, diante do bolo de uma festa.<\/p>\n<\/div>\n<h4>O m\u00fasico Deusdete Sena faleceu aos 86 anos. O trompetista sofreu um acidente vascular cerebral na \u00faltima sexta-feira. O AVC n\u00e3o deixou sequelas, mas, ele ficou internado no Centro de Tratamento Intensivo do Hospital Calixto Midlej Filho, em Itabuna. Uma crise de hipertens\u00e3o agravou seu estado de sa\u00fade e provocou uma parada card\u00edaca fatal \u00e0s 23 horas dessa segunda-feira (31).<\/h4>\n<h4>Ap\u00f3s a morte do pai, o advogado Deusdete Sena Filho, ex-presidente da OAB\/Ilh\u00e9us, informou que o vel\u00f3rio ocorre no SAF, no Alto da Conquista, em Ilh\u00e9us. O enterro ser\u00e1 \u00e0s 16 horas dessa ter\u00e7a-feira (1\u00ba), no Cemit\u00e9rio S\u00e3o Jo\u00e3o Batista, perto da entrada do bairro Nelson Costa, na zona sul.<\/h4>\n<h4>Estudioso do jazz, Deusdete Sena era m\u00fasico e tenente aposentado da Pol\u00edcia Militar. Tamb\u00e9m ser\u00e1 lembrado como um cat\u00f3lico gentil e educado, marcas da sua grande figura humana. O Blog do Gusm\u00e3o sente muito pelo falecimento dele.<\/h4>\n<h4>O trompetista foi um nome de grande envergadura da m\u00fasica regional. Como era um ex\u00edmio m\u00fasico e muito respeitado, tocou com os grandes da regi\u00e3o. Entre outras parcerias, fez parte da lend\u00e1ria banda Lord\u00e3o, no auge do grupo, nas d\u00e9cadas de 1960 e 1970.<\/h4>\n<h4>Adorava ilh\u00e9us. Se a cidade tivesse um memorial para homenagear seus grandes artistas, Deusdete estaria entre eles com todo o m\u00e9rito, porque amava a m\u00fasica e tocava seu trompete com maestria.<\/h4>\n<\/div>\n","protected":false},"excerpt":{"rendered":"<p>A imagem de Deusdete \u00e9 de abril de 2013. Foi feita num momento de celebra\u00e7\u00e3o, diante do bolo de uma festa. O m\u00fasico Deusdete Sena faleceu aos 86 anos. O trompetista sofreu um acidente vascular cerebral na \u00faltima sexta-feira. O AVC n\u00e3o deixou sequelas, mas, ele ficou internado no Centro de Tratamento Intensivo do Hospital [&hellip;]<\/p>\n","protected":false},"author":2,"featured_media":0,"comment_status":"open","ping_status":"open","sticky":false,"template":"","format":"standard","meta":{"_links_to":"","_links_to_target":""},"categories":[1],"tags":[],"_links":{"self":[{"href":"https:\/\/www.ilheusnoticias.net.br\/v1\/wp-json\/wp\/v2\/posts\/2247"}],"collection":[{"href":"https:\/\/www.ilheusnoticias.net.br\/v1\/wp-json\/wp\/v2\/posts"}],"about":[{"href":"https:\/\/www.ilheusnoticias.net.br\/v1\/wp-json\/wp\/v2\/types\/post"}],"author":[{"embeddable":true,"href":"https:\/\/www.ilheusnoticias.net.br\/v1\/wp-json\/wp\/v2\/users\/2"}],"replies":[{"embeddable":true,"href":"https:\/\/www.ilheusnoticias.net.br\/v1\/wp-json\/wp\/v2\/comments?post=2247"}],"version-history":[{"count":1,"href":"https:\/\/www.ilheusnoticias.net.br\/v1\/wp-json\/wp\/v2\/posts\/2247\/revisions"}],"predecessor-version":[{"id":2248,"href":"https:\/\/www.ilheusnoticias.net.br\/v1\/wp-json\/wp\/v2\/posts\/2247\/revisions\/2248"}],"wp:attachment":[{"href":"https:\/\/www.ilheusnoticias.net.br\/v1\/wp-json\/wp\/v2\/media?parent=2247"}],"wp:term":[{"taxonomy":"category","embeddable":true,"href":"https:\/\/www.ilheusnoticias.net.br\/v1\/wp-json\/wp\/v2\/categories?post=2247"},{"taxonomy":"post_tag","embeddable":true,"href":"https:\/\/www.ilheusnoticias.net.br\/v1\/wp-json\/wp\/v2\/tags?post=2247"}],"curies":[{"name":"wp","href":"https:\/\/api.w.org\/{rel}","templated":true}]}}