{"id":2243,"date":"2016-11-01T15:16:31","date_gmt":"2016-11-01T18:16:31","guid":{"rendered":"http:\/\/www.ilheusnoticias.net.br\/v1\/?p=2243"},"modified":"2016-11-01T15:16:31","modified_gmt":"2016-11-01T18:16:31","slug":"petrobras-aumenta-preco-do-gas-de-cozinha","status":"publish","type":"post","link":"https:\/\/www.ilheusnoticias.net.br\/v1\/2016\/11\/01\/petrobras-aumenta-preco-do-gas-de-cozinha\/","title":{"rendered":"PETROBRAS AUMENTA PRE\u00c7O DO G\u00c1S DE COZINHA"},"content":{"rendered":"<h2 class=\"PostHeaderIcon-wrapper\"><\/h2>\n<div class=\"PostContent\">\n<div id=\"attachment_173246\" class=\"wp-caption aligncenter\"><a href=\"http:\/\/www.pimenta.blog.br\/2016\/11\/01\/petrobras-aumenta-preco-do-gas-de-cozinha\/botijao-de-gas\/\" rel=\"attachment wp-att-173246\"><img loading=\"lazy\" class=\" wp-image-173246\" src=\"http:\/\/www.pimenta.blog.br\/wp-content\/uploads\/2016\/11\/botij%C3%A3o-de-g%C3%A1s-580x412.jpg\" sizes=\"(max-width: 443px) 100vw, 443px\" srcset=\"http:\/\/www.pimenta.blog.br\/wp-content\/uploads\/2016\/11\/botij\u00e3o-de-g\u00e1s-300x213.jpg 300w, http:\/\/www.pimenta.blog.br\/wp-content\/uploads\/2016\/11\/botij\u00e3o-de-g\u00e1s-580x412.jpg 580w, http:\/\/www.pimenta.blog.br\/wp-content\/uploads\/2016\/11\/botij\u00e3o-de-g\u00e1s.jpg 675w\" alt=\"Botij\u00e3o ficar\u00e1 at\u00e9 R$ 2,15 mais caro no Nordeste (Foto Reprodu\u00e7\u00e3o).\" width=\"443\" height=\"315\" \/><\/a><\/p>\n<p class=\"wp-caption-text\">Botij\u00e3o ficar\u00e1 at\u00e9 R$ 2,15 mais caro no Nordeste (Foto Reprodu\u00e7\u00e3o).<\/p>\n<\/div>\n<p>A Petrobras fez altera\u00e7\u00f5es em sua pol\u00edtica de pre\u00e7os que ter\u00e3o maior impacto no pre\u00e7o do g\u00e1s de cozinha para quem reside no Nordeste. O aumento m\u00e9dio para as distribuidoras ficar\u00e1 em torno de 4%.<\/p>\n<p>O botij\u00e3o de 13 quilos ficar\u00e1 at\u00e9 R$ 2,15 mais caro no Nordeste a partir de hoje. A petrol\u00edfera brasileira cobrar\u00e1 mais caro pelo uso dos seus tanques de armazenagem de g\u00e1s, o que ser\u00e1 repassado para o consumidor.<\/p>\n<p>\u201cO novo aumento foi feito de forma irrespons\u00e1vel [pela Petrobras], pois n\u00e3o h\u00e1 uma nota sequer com as devidas explica\u00e7\u00f5es\u201d, disse o presidente da Associa\u00e7\u00e3o Brasileira dos Revendedores de GLP, Alexandre Borajili.<\/p>\n<\/div>\n","protected":false},"excerpt":{"rendered":"<p>Botij\u00e3o ficar\u00e1 at\u00e9 R$ 2,15 mais caro no Nordeste (Foto Reprodu\u00e7\u00e3o). A Petrobras fez altera\u00e7\u00f5es em sua pol\u00edtica de pre\u00e7os que ter\u00e3o maior impacto no pre\u00e7o do g\u00e1s de cozinha para quem reside no Nordeste. O aumento m\u00e9dio para as distribuidoras ficar\u00e1 em torno de 4%. O botij\u00e3o de 13 quilos ficar\u00e1 at\u00e9 R$ 2,15 [&hellip;]<\/p>\n","protected":false},"author":2,"featured_media":0,"comment_status":"open","ping_status":"open","sticky":false,"template":"","format":"standard","meta":{"_links_to":"","_links_to_target":""},"categories":[7],"tags":[109],"_links":{"self":[{"href":"https:\/\/www.ilheusnoticias.net.br\/v1\/wp-json\/wp\/v2\/posts\/2243"}],"collection":[{"href":"https:\/\/www.ilheusnoticias.net.br\/v1\/wp-json\/wp\/v2\/posts"}],"about":[{"href":"https:\/\/www.ilheusnoticias.net.br\/v1\/wp-json\/wp\/v2\/types\/post"}],"author":[{"embeddable":true,"href":"https:\/\/www.ilheusnoticias.net.br\/v1\/wp-json\/wp\/v2\/users\/2"}],"replies":[{"embeddable":true,"href":"https:\/\/www.ilheusnoticias.net.br\/v1\/wp-json\/wp\/v2\/comments?post=2243"}],"version-history":[{"count":1,"href":"https:\/\/www.ilheusnoticias.net.br\/v1\/wp-json\/wp\/v2\/posts\/2243\/revisions"}],"predecessor-version":[{"id":2244,"href":"https:\/\/www.ilheusnoticias.net.br\/v1\/wp-json\/wp\/v2\/posts\/2243\/revisions\/2244"}],"wp:attachment":[{"href":"https:\/\/www.ilheusnoticias.net.br\/v1\/wp-json\/wp\/v2\/media?parent=2243"}],"wp:term":[{"taxonomy":"category","embeddable":true,"href":"https:\/\/www.ilheusnoticias.net.br\/v1\/wp-json\/wp\/v2\/categories?post=2243"},{"taxonomy":"post_tag","embeddable":true,"href":"https:\/\/www.ilheusnoticias.net.br\/v1\/wp-json\/wp\/v2\/tags?post=2243"}],"curies":[{"name":"wp","href":"https:\/\/api.w.org\/{rel}","templated":true}]}}