{"id":2231,"date":"2016-10-31T13:58:50","date_gmt":"2016-10-31T16:58:50","guid":{"rendered":"http:\/\/www.ilheusnoticias.net.br\/v1\/?p=2231"},"modified":"2016-10-31T13:58:50","modified_gmt":"2016-10-31T16:58:50","slug":"mec-pode-cancelar-provas-do-enem-na-uesc","status":"publish","type":"post","link":"https:\/\/www.ilheusnoticias.net.br\/v1\/2016\/10\/31\/mec-pode-cancelar-provas-do-enem-na-uesc\/","title":{"rendered":"MEC PODE CANCELAR PROVAS DO ENEM NA UESC"},"content":{"rendered":"<h3><img class=\"alignleft wp-image-169487\" src=\"http:\/\/i0.wp.com\/www.blogdogusmao.com.br\/v1\/wp-content\/uploads\/2016\/10\/ocupa-uesc-dest.jpg?resize=200%2C189\" alt=\"ocupa-uesc-dest\" data-recalc-dims=\"1\" \/><\/h3>\n<div class=\"PostContent\">\n<h4>O Minist\u00e9rio da Educa\u00e7\u00e3o amea\u00e7ou cancelar a aplica\u00e7\u00e3o do ENEM nas institui\u00e7\u00f5es ocupadas por estudantes. Cerca de 1.170 locais de prova est\u00e3o ocupados no Brasil. A estimativa \u00e9 da Uni\u00e3o Brasileira dos Estudantes Secundaristas (UBES).<\/h4>\n<h4>Segundo o MEC, os estudantes t\u00eam at\u00e9 essa segunda-feira (31) para desocupar as institui\u00e7\u00f5es. Caso contr\u00e1rio, cancelar\u00e1 o ENEM nesses locais.<\/h4>\n<h4>Conforme nota da assessoria de imprensa do MEC, se as ocupa\u00e7\u00f5es forem mantidas, as provas ser\u00e3o aplicadas \u201cem outra data para aqueles estudantes que n\u00e3o conseguiram. N\u00e3o h\u00e1 data definida porque o MEC ainda aguarda que o bom senso prevale\u00e7a\u201d.<\/h4>\n<h4>Na tarde dessa segunda-feira, o Blog do Gusm\u00e3o conversou com o estudante Uigue Nunes, da comiss\u00e3o de comunica\u00e7\u00e3o do Movimento Ocupa UESC.<\/h4>\n<h4>Segundo ele, os estudantes est\u00e3o dispostos a liberar os espa\u00e7os necess\u00e1rios para a realiza\u00e7\u00e3o do ENEM, desde que isso n\u00e3o implique na desocupa\u00e7\u00e3o do <em>campus<\/em>, como exige o governo Temer.<\/h4>\n<h4>Os manifestantes encaram a imposi\u00e7\u00e3o do MEC como chantagem para jogar a opini\u00e3o p\u00fablica contra o movimento de resist\u00eancia ao corte de investimentos nos servi\u00e7os p\u00fablicos de educa\u00e7\u00e3o e sa\u00fade.<\/h4>\n<h4>Na \u00faltima quarta-feira (26), os estudantes se reuniram com a professora Ad\u00e9lia Carvalho, reitora da UESC.\u00a0 Segundo Uigue Nunes, os manifestantes explicaram \u00e0 gestora que s\u00e3o favor\u00e1veis \u00e0 realiza\u00e7\u00e3o do ENEM no <em>Campus<\/em> Soane Nazar\u00e9.<\/h4>\n<h4>A amea\u00e7a do MEC ser\u00e1 um dos temas da assembleia dos estudantes marcada para a noite dessa segunda-feira. As provas do ENEM ocorrer\u00e3o nos dias 5 (s\u00e1bado) e 6 de novembro.<\/h4>\n<\/div>\n","protected":false},"excerpt":{"rendered":"<p>O Minist\u00e9rio da Educa\u00e7\u00e3o amea\u00e7ou cancelar a aplica\u00e7\u00e3o do ENEM nas institui\u00e7\u00f5es ocupadas por estudantes. Cerca de 1.170 locais de prova est\u00e3o ocupados no Brasil. A estimativa \u00e9 da Uni\u00e3o Brasileira dos Estudantes Secundaristas (UBES). Segundo o MEC, os estudantes t\u00eam at\u00e9 essa segunda-feira (31) para desocupar as institui\u00e7\u00f5es. Caso contr\u00e1rio, cancelar\u00e1 o ENEM nesses [&hellip;]<\/p>\n","protected":false},"author":2,"featured_media":0,"comment_status":"open","ping_status":"open","sticky":false,"template":"","format":"standard","meta":{"_links_to":"","_links_to_target":""},"categories":[9],"tags":[102],"_links":{"self":[{"href":"https:\/\/www.ilheusnoticias.net.br\/v1\/wp-json\/wp\/v2\/posts\/2231"}],"collection":[{"href":"https:\/\/www.ilheusnoticias.net.br\/v1\/wp-json\/wp\/v2\/posts"}],"about":[{"href":"https:\/\/www.ilheusnoticias.net.br\/v1\/wp-json\/wp\/v2\/types\/post"}],"author":[{"embeddable":true,"href":"https:\/\/www.ilheusnoticias.net.br\/v1\/wp-json\/wp\/v2\/users\/2"}],"replies":[{"embeddable":true,"href":"https:\/\/www.ilheusnoticias.net.br\/v1\/wp-json\/wp\/v2\/comments?post=2231"}],"version-history":[{"count":1,"href":"https:\/\/www.ilheusnoticias.net.br\/v1\/wp-json\/wp\/v2\/posts\/2231\/revisions"}],"predecessor-version":[{"id":2232,"href":"https:\/\/www.ilheusnoticias.net.br\/v1\/wp-json\/wp\/v2\/posts\/2231\/revisions\/2232"}],"wp:attachment":[{"href":"https:\/\/www.ilheusnoticias.net.br\/v1\/wp-json\/wp\/v2\/media?parent=2231"}],"wp:term":[{"taxonomy":"category","embeddable":true,"href":"https:\/\/www.ilheusnoticias.net.br\/v1\/wp-json\/wp\/v2\/categories?post=2231"},{"taxonomy":"post_tag","embeddable":true,"href":"https:\/\/www.ilheusnoticias.net.br\/v1\/wp-json\/wp\/v2\/tags?post=2231"}],"curies":[{"name":"wp","href":"https:\/\/api.w.org\/{rel}","templated":true}]}}