{"id":2218,"date":"2016-10-31T13:35:06","date_gmt":"2016-10-31T16:35:06","guid":{"rendered":"http:\/\/www.ilheusnoticias.net.br\/v1\/?p=2218"},"modified":"2016-10-31T13:35:06","modified_gmt":"2016-10-31T16:35:06","slug":"as-chances-de-fg-assumir","status":"publish","type":"post","link":"https:\/\/www.ilheusnoticias.net.br\/v1\/2016\/10\/31\/as-chances-de-fg-assumir\/","title":{"rendered":"AS CHANCES DE FG ASSUMIR"},"content":{"rendered":"<h2 class=\"PostHeaderIcon-wrapper\"><a href=\"http:\/\/www.pimenta.blog.br\/2016\/08\/22\/agenda-dos-candidatos-terca-23\/fernando-gomes-agenda-23-08-16\/\" rel=\"attachment wp-att-171076\"><img loading=\"lazy\" class=\"size-large wp-image-171076\" src=\"http:\/\/www.pimenta.blog.br\/wp-content\/uploads\/2016\/08\/Fernando-Gomes-agenda-23.08.16-580x386.jpg\" sizes=\"(max-width: 580px) 100vw, 580px\" srcset=\"http:\/\/www.pimenta.blog.br\/wp-content\/uploads\/2016\/08\/Fernando-Gomes-agenda-23.08.16-300x200.jpg 300w, http:\/\/www.pimenta.blog.br\/wp-content\/uploads\/2016\/08\/Fernando-Gomes-agenda-23.08.16-580x386.jpg 580w, http:\/\/www.pimenta.blog.br\/wp-content\/uploads\/2016\/08\/Fernando-Gomes-agenda-23.08.16.jpg 1600w\" alt=\"Fernando Gomes durante a campanha em que obteve 32,4% dos votos.\" width=\"580\" height=\"386\" \/><\/a><\/h2>\n<div class=\"PostContent\">\n<div id=\"attachment_171076\" class=\"wp-caption aligncenter\">\n<p class=\"wp-caption-text\">Fernando Gomes durante a campanha em que obteve 32,4% dos votos.<\/p>\n<\/div>\n<p><a href=\"http:\/\/www.pimenta.blog.br\/2011\/02\/12\/o-moto-taxi-ja-pode-ser-regulamentado\/allah-goes-2\/\" rel=\"attachment wp-att-65393\"><img loading=\"lazy\" class=\"alignright size-full wp-image-65393\" src=\"http:\/\/www.pimenta.blog.br\/wp-content\/uploads\/Allah-G%C3%B3es.jpg\" alt=\"Allah-G\u00f3es\" width=\"146\" height=\"160\" \/><\/a>Especialista em Direito Eleitoral, <strong>Allah G\u00f3es<\/strong> disse ontem, no Programa Resenha da Cidade (Difusora), que Fernando Gomes conseguiu reverter quase todos os processos que o impediam de assumir a Prefeitura de Itabuna, no Tribunal de Contas do Estado (TCE) e no Tribunal de Contas da Uni\u00e3o (TCU).<\/p>\n<p>Restou apenas um no TCU e, segundo Allah, j\u00e1 h\u00e1 parecer do Minist\u00e9rio P\u00fablico favor\u00e1vel a Fernando Gomes, faltando somente o julgamento por parte do tribunal de contas em Bras\u00edlia. Assim, Fernando passaria a ter todas as condi\u00e7\u00f5es para ser diplomado at\u00e9 o dia 19 de dezembro, tornando-se apto a assumir a Prefeitura de Itabuna. Pela quinta vez.<\/p>\n<p>Blog Pimenta<\/p>\n<\/div>\n","protected":false},"excerpt":{"rendered":"<p>Fernando Gomes durante a campanha em que obteve 32,4% dos votos. Especialista em Direito Eleitoral, Allah G\u00f3es disse ontem, no Programa Resenha da Cidade (Difusora), que Fernando Gomes conseguiu reverter quase todos os processos que o impediam de assumir a Prefeitura de Itabuna, no Tribunal de Contas do Estado (TCE) e no Tribunal de Contas [&hellip;]<\/p>\n","protected":false},"author":2,"featured_media":0,"comment_status":"open","ping_status":"open","sticky":false,"template":"","format":"standard","meta":{"_links_to":"","_links_to_target":""},"categories":[4],"tags":[100],"_links":{"self":[{"href":"https:\/\/www.ilheusnoticias.net.br\/v1\/wp-json\/wp\/v2\/posts\/2218"}],"collection":[{"href":"https:\/\/www.ilheusnoticias.net.br\/v1\/wp-json\/wp\/v2\/posts"}],"about":[{"href":"https:\/\/www.ilheusnoticias.net.br\/v1\/wp-json\/wp\/v2\/types\/post"}],"author":[{"embeddable":true,"href":"https:\/\/www.ilheusnoticias.net.br\/v1\/wp-json\/wp\/v2\/users\/2"}],"replies":[{"embeddable":true,"href":"https:\/\/www.ilheusnoticias.net.br\/v1\/wp-json\/wp\/v2\/comments?post=2218"}],"version-history":[{"count":1,"href":"https:\/\/www.ilheusnoticias.net.br\/v1\/wp-json\/wp\/v2\/posts\/2218\/revisions"}],"predecessor-version":[{"id":2219,"href":"https:\/\/www.ilheusnoticias.net.br\/v1\/wp-json\/wp\/v2\/posts\/2218\/revisions\/2219"}],"wp:attachment":[{"href":"https:\/\/www.ilheusnoticias.net.br\/v1\/wp-json\/wp\/v2\/media?parent=2218"}],"wp:term":[{"taxonomy":"category","embeddable":true,"href":"https:\/\/www.ilheusnoticias.net.br\/v1\/wp-json\/wp\/v2\/categories?post=2218"},{"taxonomy":"post_tag","embeddable":true,"href":"https:\/\/www.ilheusnoticias.net.br\/v1\/wp-json\/wp\/v2\/tags?post=2218"}],"curies":[{"name":"wp","href":"https:\/\/api.w.org\/{rel}","templated":true}]}}