{"id":2046,"date":"2016-10-24T10:46:52","date_gmt":"2016-10-24T13:46:52","guid":{"rendered":"http:\/\/www.ilheusnoticias.net.br\/v1\/?p=2046"},"modified":"2016-10-24T10:46:52","modified_gmt":"2016-10-24T13:46:52","slug":"ilheus-tem-abaixo-assinado-contra-aumento-salarial-de-politicos","status":"publish","type":"post","link":"https:\/\/www.ilheusnoticias.net.br\/v1\/2016\/10\/24\/ilheus-tem-abaixo-assinado-contra-aumento-salarial-de-politicos\/","title":{"rendered":"ILH\u00c9US TEM ABAIXO-ASSINADO CONTRA AUMENTO SALARIAL DE POL\u00cdTICOS"},"content":{"rendered":"<p><img class=\"alignleft wp-image-42821\" src=\"http:\/\/i2.wp.com\/www.blogdogusmao.com.br\/v1\/wp-content\/uploads\/2011\/07\/dinheiro.jpg?resize=199%2C149\" alt=\"dinheiro\" data-recalc-dims=\"1\" \/><\/p>\n<div class=\"PostContent\">\n<h4>O Instituto Nossa Ilh\u00e9us iniciou na quinta-feira (20) coleta de assinaturas contra o aumento salarial proposto para os vereadores, prefeito, vice-prefeito e secret\u00e1rios municipais.<\/h4>\n<h4>Segundo o instituto, o projeto de lei 48\/2016 \u201cvisa fixar em R$12.825,00 o subs\u00eddio mensal a ser percebido pelos vereadores a partir de 01\/01\/2017, o que corresponde a um aumento de 27,98%. J\u00e1 a PL 049\/2016 prop\u00f5e o valor de R$20.487,50 para o subs\u00eddio mensal do prefeito, um aumento de 10%; R$15.300,00 para o vice-prefeito, um aumento de 20%; e em R$12.825,00 para os secret\u00e1rios municipais, um aumento de 27,98%\u201d.<\/h4>\n<h4>At\u00e9 as 9h43min dessa segunda-feira (24), 879 pessoas j\u00e1 haviam assinado o manifesto contra o reajuste. Caso queira ler e assinar, <strong><a href=\"https:\/\/www.change.org\/p\/%C3%A0-c%C3%A2mara-de-vereadores-de-ilh%C3%A9us-diga-n%C3%A3o-ao-aumento-de-subs%C3%ADdios-dos-vereadores-prefeito-vice-e-secret%C3%A1rios-de-ilh%C3%A9us?source_location=petitions_share_skip\" target=\"_blank\">clique aqui<\/a><\/strong>.<\/h4>\n<h4>Os projetos repercutiram de forma negativa na cidade. Muitas pessoas lembraram que os servidores municipais est\u00e3o sem reposi\u00e7\u00e3o salarial h\u00e1 quatro anos, per\u00edodo em que viram seu poder aquisitivo abalado pela infla\u00e7\u00e3o acumulada. Nesse contexto, a proposta de aumento para os pol\u00edticos soou como uma medida descolada da realidade financeira da maior parte dos trabalhadores de Ilh\u00e9us.<\/h4>\n<p>Blog Gusm\u00e3o<\/p>\n<\/div>\n","protected":false},"excerpt":{"rendered":"<p>O Instituto Nossa Ilh\u00e9us iniciou na quinta-feira (20) coleta de assinaturas contra o aumento salarial proposto para os vereadores, prefeito, vice-prefeito e secret\u00e1rios municipais. Segundo o instituto, o projeto de lei 48\/2016 \u201cvisa fixar em R$12.825,00 o subs\u00eddio mensal a ser percebido pelos vereadores a partir de 01\/01\/2017, o que corresponde a um aumento de [&hellip;]<\/p>\n","protected":false},"author":2,"featured_media":0,"comment_status":"open","ping_status":"open","sticky":false,"template":"","format":"standard","meta":{"_links_to":"","_links_to_target":""},"categories":[4],"tags":[70],"_links":{"self":[{"href":"https:\/\/www.ilheusnoticias.net.br\/v1\/wp-json\/wp\/v2\/posts\/2046"}],"collection":[{"href":"https:\/\/www.ilheusnoticias.net.br\/v1\/wp-json\/wp\/v2\/posts"}],"about":[{"href":"https:\/\/www.ilheusnoticias.net.br\/v1\/wp-json\/wp\/v2\/types\/post"}],"author":[{"embeddable":true,"href":"https:\/\/www.ilheusnoticias.net.br\/v1\/wp-json\/wp\/v2\/users\/2"}],"replies":[{"embeddable":true,"href":"https:\/\/www.ilheusnoticias.net.br\/v1\/wp-json\/wp\/v2\/comments?post=2046"}],"version-history":[{"count":1,"href":"https:\/\/www.ilheusnoticias.net.br\/v1\/wp-json\/wp\/v2\/posts\/2046\/revisions"}],"predecessor-version":[{"id":2047,"href":"https:\/\/www.ilheusnoticias.net.br\/v1\/wp-json\/wp\/v2\/posts\/2046\/revisions\/2047"}],"wp:attachment":[{"href":"https:\/\/www.ilheusnoticias.net.br\/v1\/wp-json\/wp\/v2\/media?parent=2046"}],"wp:term":[{"taxonomy":"category","embeddable":true,"href":"https:\/\/www.ilheusnoticias.net.br\/v1\/wp-json\/wp\/v2\/categories?post=2046"},{"taxonomy":"post_tag","embeddable":true,"href":"https:\/\/www.ilheusnoticias.net.br\/v1\/wp-json\/wp\/v2\/tags?post=2046"}],"curies":[{"name":"wp","href":"https:\/\/api.w.org\/{rel}","templated":true}]}}