{"id":20240,"date":"2019-07-07T11:34:22","date_gmt":"2019-07-07T14:34:22","guid":{"rendered":"http:\/\/www.ilheusnoticias.net.br\/v1\/?p=20240"},"modified":"2019-07-07T11:48:16","modified_gmt":"2019-07-07T14:48:16","slug":"violencia-em-ilheus-menor-de-17-anos-e-assassinado-no-bairro-nelson-costa","status":"publish","type":"post","link":"https:\/\/www.ilheusnoticias.net.br\/v1\/2019\/07\/07\/violencia-em-ilheus-menor-de-17-anos-e-assassinado-no-bairro-nelson-costa\/","title":{"rendered":"Viol\u00eancia em Ilh\u00e9us: menor de 17 anos \u00e9 assassinado no bairro Nelson Costa"},"content":{"rendered":"<div class=\"Post\"><\/div>\n<div class=\"Post\">\n<div class=\"Post-body\">\n<div class=\"Post-inner article\">\n<div class=\"PostContent\">\n<div id=\"attachment_40829\" class=\"wp-caption aligncenter\">\n<p><img loading=\"lazy\" class=\"size-full wp-image-40829\" src=\"http:\/\/www.fabiorobertonoticias.com.br\/v1\/wp-content\/uploads\/2019\/07\/Censored-Camera-Editor_1562457882477-e1562458027616.jpg\" alt=\"William contava com passagens na DP.\" width=\"555\" height=\"944\" \/><\/p>\n<p class=\"wp-caption-text\">William contava com passagens na DP.<\/p>\n<\/div>\n<p>Por volta das 19hs deste s\u00e1bado, 6, um intenso tiroteio resultou no assassinato do menor William, vulgo Kevinho, 17 anos. O crime foi registrado na Rua Mem de S\u00e1, bairro Nelson Costa, zona sul de Ilh\u00e9us.<\/p>\n<p>A rajada de tiros provocou p\u00e2nico e muita correria dos moradores, que procuraram se abrigar em local seguro.<\/p>\n<p>O menor j\u00e1 contava com passagens na delegacia por envolvimento com tr\u00e1fico de drogas e outros atos infracionais.<\/p>\n<p>O corpo foi encaminhado para necr\u00f3psia no departamento de pol\u00edcia t\u00e9cnica da 7\u00aa Coorpin e o caso ser\u00e1 investigado pelo N\u00facleo de Homic\u00eddios de Ilh\u00e9us.<\/p>\n<p>Esse \u00e9 o 2\u00ba homic\u00eddio registrado no m\u00eas de julho em Ilh\u00e9us.<\/p>\n<p><img loading=\"lazy\" class=\"aligncenter size-full wp-image-40830\" src=\"http:\/\/www.fabiorobertonoticias.com.br\/v1\/wp-content\/uploads\/2019\/07\/IMG-20190706-WA0535-e1562458078683.jpg\" alt=\"IMG-20190706-WA0535\" width=\"555\" height=\"269\" \/><\/p>\n<\/div>\n<div class=\"cleared\">\u00a0Mat\u00e9ria: F\u00e1bio Roberto<\/div>\n<\/div>\n<\/div>\n<\/div>\n","protected":false},"excerpt":{"rendered":"<p>William contava com passagens na DP. Por volta das 19hs deste s\u00e1bado, 6, um intenso tiroteio resultou no assassinato do menor William, vulgo Kevinho, 17 anos. O crime foi registrado na Rua Mem de S\u00e1, bairro Nelson Costa, zona sul de Ilh\u00e9us. A rajada de tiros provocou p\u00e2nico e muita correria dos moradores, que procuraram [&hellip;]<\/p>\n","protected":false},"author":2,"featured_media":0,"comment_status":"open","ping_status":"open","sticky":false,"template":"","format":"standard","meta":{"_links_to":"","_links_to_target":""},"categories":[7,9,8,1,5],"tags":[],"_links":{"self":[{"href":"https:\/\/www.ilheusnoticias.net.br\/v1\/wp-json\/wp\/v2\/posts\/20240"}],"collection":[{"href":"https:\/\/www.ilheusnoticias.net.br\/v1\/wp-json\/wp\/v2\/posts"}],"about":[{"href":"https:\/\/www.ilheusnoticias.net.br\/v1\/wp-json\/wp\/v2\/types\/post"}],"author":[{"embeddable":true,"href":"https:\/\/www.ilheusnoticias.net.br\/v1\/wp-json\/wp\/v2\/users\/2"}],"replies":[{"embeddable":true,"href":"https:\/\/www.ilheusnoticias.net.br\/v1\/wp-json\/wp\/v2\/comments?post=20240"}],"version-history":[{"count":2,"href":"https:\/\/www.ilheusnoticias.net.br\/v1\/wp-json\/wp\/v2\/posts\/20240\/revisions"}],"predecessor-version":[{"id":20246,"href":"https:\/\/www.ilheusnoticias.net.br\/v1\/wp-json\/wp\/v2\/posts\/20240\/revisions\/20246"}],"wp:attachment":[{"href":"https:\/\/www.ilheusnoticias.net.br\/v1\/wp-json\/wp\/v2\/media?parent=20240"}],"wp:term":[{"taxonomy":"category","embeddable":true,"href":"https:\/\/www.ilheusnoticias.net.br\/v1\/wp-json\/wp\/v2\/categories?post=20240"},{"taxonomy":"post_tag","embeddable":true,"href":"https:\/\/www.ilheusnoticias.net.br\/v1\/wp-json\/wp\/v2\/tags?post=20240"}],"curies":[{"name":"wp","href":"https:\/\/api.w.org\/{rel}","templated":true}]}}