{"id":20236,"date":"2019-07-07T11:30:56","date_gmt":"2019-07-07T14:30:56","guid":{"rendered":"http:\/\/www.ilheusnoticias.net.br\/v1\/?p=20236"},"modified":"2019-07-07T11:30:56","modified_gmt":"2019-07-07T14:30:56","slug":"confraternizacao-destaca-sucesso-da-vila-cultural-e-valoriza-artistas-da-terra","status":"publish","type":"post","link":"https:\/\/www.ilheusnoticias.net.br\/v1\/2019\/07\/07\/confraternizacao-destaca-sucesso-da-vila-cultural-e-valoriza-artistas-da-terra\/","title":{"rendered":"Confraterniza\u00e7\u00e3o destaca sucesso da Vila Cultural e valoriza artistas da terra"},"content":{"rendered":"<h3><\/h3>\n<div class=\"imagem thumbnail col-xs-12 col-sm-8 col-md-6 col-lg-6 imagem-materia\"><a class=\"fresco\" title=\"\" href=\"http:\/\/portalfacilclientes.blob.core.windows.net\/uploads\/ILHEUS\/imgOrig\/%7BCABDA2AC-6EBA-EE65-C07C-AE30ACEBC644%7D.jpg\" data-fresco-caption=\"\"><img loading=\"lazy\" title=\"\" src=\"http:\/\/portalfacilclientes.blob.core.windows.net\/uploads\/ILHEUS\/img\/%7BCABDA2AC-6EBA-EE65-C07C-AE30ACEBC644%7D\/%7BCABDA2AC-6EBA-EE65-C07C-AE30ACEBC644%7D_650X450.jpg\" alt=\"Almo\u00e7o com M\u00fasicos e Artes\u00f5es da Vila Cultural do Viva Ilh\u00e9us.\" width=\"650\" height=\"450\" \/><\/a><\/div>\n<div class=\"imagem thumbnail col-xs-12 col-sm-8 col-md-6 col-lg-6 imagem-materia\"><a class=\"fresco\" title=\"\" href=\"http:\/\/portalfacilclientes.blob.core.windows.net\/uploads\/ILHEUS\/imgOrig\/%7B8D63BCAC-8BDE-4CCD-C8CD-DDBBDB4E6B48%7D.jpg\" data-fresco-caption=\"\"><img loading=\"lazy\" title=\"\" src=\"http:\/\/portalfacilclientes.blob.core.windows.net\/uploads\/ILHEUS\/img\/%7B8D63BCAC-8BDE-4CCD-C8CD-DDBBDB4E6B48%7D\/%7B8D63BCAC-8BDE-4CCD-C8CD-DDBBDB4E6B48%7D_650X450.jpg\" alt=\"Almo\u00e7o com M\u00fasicos e Artes\u00f5es da Vila Cultural do Viva Ilh\u00e9us.\" width=\"650\" height=\"450\" \/><\/a><\/div>\n<div class=\"imagem thumbnail col-xs-12 col-sm-8 col-md-6 col-lg-6 imagem-materia\"><a class=\"fresco\" title=\"\" href=\"http:\/\/portalfacilclientes.blob.core.windows.net\/uploads\/ILHEUS\/imgOrig\/%7B5CEEA2EE-A8AC-1760-BCAD-BABDEB14AE2E%7D.jpg\" data-fresco-caption=\"\"><img loading=\"lazy\" title=\"\" src=\"http:\/\/portalfacilclientes.blob.core.windows.net\/uploads\/ILHEUS\/img\/%7B5CEEA2EE-A8AC-1760-BCAD-BABDEB14AE2E%7D\/%7B5CEEA2EE-A8AC-1760-BCAD-BABDEB14AE2E%7D_650X450.jpg\" alt=\"Almo\u00e7o com M\u00fasicos e Artes\u00f5es da Vila Cultural do Viva Ilh\u00e9us.\" width=\"650\" height=\"450\" \/><\/a><\/div>\n<div class=\"imagem thumbnail col-xs-12 col-sm-8 col-md-6 col-lg-6 imagem-materia\"><a class=\"fresco\" title=\"\" href=\"http:\/\/portalfacilclientes.blob.core.windows.net\/uploads\/ILHEUS\/imgOrig\/%7BDB5E0DCA-DC38-BC16-5687-BCCCDEAD23DD%7D.jpg\" data-fresco-caption=\"\"><img loading=\"lazy\" title=\"\" src=\"http:\/\/portalfacilclientes.blob.core.windows.net\/uploads\/ILHEUS\/img\/%7BDB5E0DCA-DC38-BC16-5687-BCCCDEAD23DD%7D\/%7BDB5E0DCA-DC38-BC16-5687-BCCCDEAD23DD%7D_650X450.jpg\" alt=\"Almo\u00e7o com M\u00fasicos e Artes\u00f5es da Vila Cultural do Viva Ilh\u00e9us.\" width=\"650\" height=\"450\" \/><\/a><\/div>\n<div class=\"imagem thumbnail col-xs-12 col-sm-8 col-md-6 col-lg-6 imagem-materia\"><a class=\"fresco\" title=\"\" href=\"http:\/\/portalfacilclientes.blob.core.windows.net\/uploads\/ILHEUS\/imgOrig\/%7BCDBD7C4B-CDBC-A71D-BE3C-AE2EAABA5BC4%7D.jpg\" data-fresco-caption=\"\"><img loading=\"lazy\" title=\"\" src=\"http:\/\/portalfacilclientes.blob.core.windows.net\/uploads\/ILHEUS\/img\/%7BCDBD7C4B-CDBC-A71D-BE3C-AE2EAABA5BC4%7D\/%7BCDBD7C4B-CDBC-A71D-BE3C-AE2EAABA5BC4%7D_650X450.jpg\" alt=\"Almo\u00e7o com M\u00fasicos e Artes\u00f5es da Vila Cultural do Viva Ilh\u00e9us.\" width=\"650\" height=\"450\" \/><\/a><\/div>\n<p>O sucesso da Vila Cultural, espa\u00e7o alternativo que integrou a grade de eventos do Viva Ilh\u00e9us 2019, ganhou aprova\u00e7\u00e3o da popula\u00e7\u00e3o ilheense e visitantes, durante os dois dias de eventos. Para falar dos resultados, rever artistas, criativos e comerciantes que prestaram variados servi\u00e7os, o prefeito M\u00e1rio Alexandre promoveu na quinta-feira (4), um reencontro com estas figuras, e o resultado n\u00e3o podia ser outro: muita m\u00fasica e anima\u00e7\u00e3o.<\/p>\n<p>Logo pela manh\u00e3, os ambulantes que trabalharam nos eventos, participaram de um delicioso caf\u00e9 da manh\u00e3, na Pousada Costa do Cacau. J\u00e1 para os m\u00fasicos, artes\u00e3os e comerciantes, foi servido um almo\u00e7o na Cabana Palmito, na Praia dos Milion\u00e1rios. \u201cValorizar esses trabalhadores artistas \u00e9 reconhecer seus talentos. Nossa miss\u00e3o \u00e9 valorizar os artistas da terra, mostrando a for\u00e7a da nossa cultura\u201d, manifestou o prefeito de Ilh\u00e9us.<\/p>\n<p>A confraterniza\u00e7\u00e3o foi idealizada pelas secretarias municipais de Desenvolvimento Econ\u00f4mico, Meio Ambiente e Urbanismo (SDE) e Cultura e Turismo (Secult). Nos dias de Viva Ilh\u00e9us, o grande p\u00fablico conferiu um espa\u00e7o em formato de vila, onde abrigou dezenas de barracas de produtos, leque gastron\u00f4mico, al\u00e9m de um palco, por onde passou diversos artistas musicais da terra. A Vila Cultural aconteceu nos dias 28 e 29 de junho, na Avenida Soares Lopes.<\/p>\n<p>Na ocasi\u00e3o, o secret\u00e1rio Jerbson Moraes disse que o objetivo desenvolvido pelo Governo Municipal foi alcan\u00e7ado. \u201cFomentar o com\u00e9rcio local, aumentar a movimenta\u00e7\u00e3o e capitalizar essas pessoas com atividades diretamente desenvolvidas aos eventos promovidos na cidade. A festa foi bel\u00edssima e muito bem avaliada pela popula\u00e7\u00e3o, visitantes e patrocinadores, al\u00e9m de integrar a partir de agora, o calend\u00e1rio de eventos na Bahia\u201d.<\/p>\n<p>Os ambulantes de Ilh\u00e9us comemoraram os lucros obtidos nos festejos juninos, com dividendos que superaram suas expectativas. Segundo eles, aumentaram em mais de 20% se comparado ao mesmo per\u00edodo do ano passado. \u201cFinalmente temos um prefeito que cuida da gente, que promove a\u00e7\u00f5es que geram renda para a nossa categoria\u201d, diziam os trabalhadores ao prefeito durante o almo\u00e7o.<\/p>\n<p>S\u00f3 para lembrar, passaram no palco alternativo da Vila Cultural, atra\u00e7\u00f5es como, a cantora Jane Poeta, Banda Macaxeira Estilizada, N\u00e9lio Jovita e Banda. Tamb\u00e9m fizeram a festa, a Banda Quente, Stampa do Forr\u00f3 e a sensa\u00e7\u00e3o Luiz Bob &amp; Os Gonzaga. Os artistas da terra aprovaram a estrat\u00e9gia montada pela Prefeitura, declarando satisfa\u00e7\u00e3o em poder exibir sua arte. \u201cAs noites ganharam um sabor<\/p>\n","protected":false},"excerpt":{"rendered":"<p>O sucesso da Vila Cultural, espa\u00e7o alternativo que integrou a grade de eventos do Viva Ilh\u00e9us 2019, ganhou aprova\u00e7\u00e3o da popula\u00e7\u00e3o ilheense e visitantes, durante os dois dias de eventos. Para falar dos resultados, rever artistas, criativos e comerciantes que prestaram variados servi\u00e7os, o prefeito M\u00e1rio Alexandre promoveu na quinta-feira (4), um reencontro com estas [&hellip;]<\/p>\n","protected":false},"author":2,"featured_media":0,"comment_status":"open","ping_status":"open","sticky":false,"template":"","format":"standard","meta":{"_links_to":"","_links_to_target":""},"categories":[7,9,8,1],"tags":[],"_links":{"self":[{"href":"https:\/\/www.ilheusnoticias.net.br\/v1\/wp-json\/wp\/v2\/posts\/20236"}],"collection":[{"href":"https:\/\/www.ilheusnoticias.net.br\/v1\/wp-json\/wp\/v2\/posts"}],"about":[{"href":"https:\/\/www.ilheusnoticias.net.br\/v1\/wp-json\/wp\/v2\/types\/post"}],"author":[{"embeddable":true,"href":"https:\/\/www.ilheusnoticias.net.br\/v1\/wp-json\/wp\/v2\/users\/2"}],"replies":[{"embeddable":true,"href":"https:\/\/www.ilheusnoticias.net.br\/v1\/wp-json\/wp\/v2\/comments?post=20236"}],"version-history":[{"count":1,"href":"https:\/\/www.ilheusnoticias.net.br\/v1\/wp-json\/wp\/v2\/posts\/20236\/revisions"}],"predecessor-version":[{"id":20237,"href":"https:\/\/www.ilheusnoticias.net.br\/v1\/wp-json\/wp\/v2\/posts\/20236\/revisions\/20237"}],"wp:attachment":[{"href":"https:\/\/www.ilheusnoticias.net.br\/v1\/wp-json\/wp\/v2\/media?parent=20236"}],"wp:term":[{"taxonomy":"category","embeddable":true,"href":"https:\/\/www.ilheusnoticias.net.br\/v1\/wp-json\/wp\/v2\/categories?post=20236"},{"taxonomy":"post_tag","embeddable":true,"href":"https:\/\/www.ilheusnoticias.net.br\/v1\/wp-json\/wp\/v2\/tags?post=20236"}],"curies":[{"name":"wp","href":"https:\/\/api.w.org\/{rel}","templated":true}]}}