{"id":1875,"date":"2016-10-14T00:00:33","date_gmt":"2016-10-14T03:00:33","guid":{"rendered":"http:\/\/www.ilheusnoticias.net.br\/v1\/?p=1875"},"modified":"2016-10-14T00:00:33","modified_gmt":"2016-10-14T03:00:33","slug":"%e2%80%8bbahia-perde-meio-bilhao-de-fpe-mas-segue-mantendo-o-equilibrio-fiscal","status":"publish","type":"post","link":"https:\/\/www.ilheusnoticias.net.br\/v1\/2016\/10\/14\/%e2%80%8bbahia-perde-meio-bilhao-de-fpe-mas-segue-mantendo-o-equilibrio-fiscal\/","title":{"rendered":"\u200bBahia perde meio bilh\u00e3o de FPE, mas\u00a0segue mantendo o equil\u00edbrio fiscal"},"content":{"rendered":"<p>\u200b<span style=\"color: rgb(51, 51, 51); font-family: Tahoma, sans-serif; font-size: 12pt; text-indent: 35.4pt; background-color: rgb(255, 255, 255); orphans: 2; widows: 2;\">O Governo do Estado j\u00e1 deixou de receber este ano R$ 509,3 milh\u00f5es do Fundo de Participa\u00e7\u00e3o dos Estados (FPE) e tem enfrentado dificuldades tamb\u00e9m na arrecada\u00e7\u00e3o pr\u00f3pria, que vem crescendo abaixo da infla\u00e7\u00e3o, mas tem preservado o equil\u00edbrio fiscal e mantido os compromissos em dia com servidores e fornecedores, al\u00e9m de ter melhorado o perfil da sua d\u00edvida e ampliado o investimento p\u00fablico em infraestrutura e na \u00e1rea social. Os dados foram apresentados nesta quinta-feira (13) pelo secret\u00e1rio da Fazenda, Manoel Vit\u00f3rio, em audi\u00eancia p\u00fablica na Assembleia Legislativa.<\/span><\/p>\n<p><span style=\"color: rgb(51, 51, 51); font-family: Tahoma, sans-serif; font-size: 12pt; text-indent: 35.4pt; background-color: rgb(255, 255, 255); orphans: 2; widows: 2;\"><br \/>\n<\/span><\/p>\n<p><span style=\"font-family: Tahoma, sans-serif; font-size: 12pt; text-indent: 35.4pt; color: rgb(51, 51, 51); background-color: rgb(255, 255, 255); orphans: 2; widows: 2;\">De acordo com o secret\u00e1rio, o resultado do segundo quadrimestre de 2016 relativo ao FPE aprofunda as perdas com o fundo, que foram de R$ 1,05 bilh\u00e3o entre 2013 e 2015, e contribui para manter a apreens\u00e3o quanto ao desempenho das finan\u00e7as estaduais no curto prazo. \u201cO governador Rui Costa vem alertando para as dificuldades crescentes que decorrem sobretudo das perdas substantivas do Estado com as transfer\u00eancias da Uni\u00e3o\u201d, observou Vit\u00f3rio. Ele lembrou que a Bahia tem sido uma das principais vozes do movimento de estados de fora do eixo Sul-Sudeste que pleiteiam junto ao governo federal a repara\u00e7\u00e3o pelas perdas recorrentes nas transfer\u00eancias obrigat\u00f3rias como o FPE.<\/span><\/p>\n<p autoid=\"_rp_1\" style=\"color: rgb(0, 0, 0); font-family: wf_segoe-ui_normal, 'Segoe UI', 'Segoe WP', Tahoma, Arial, sans-serif; font-size: medium; line-height: normal; orphans: 2; widows: 2; background-color: rgb(255, 255, 255);\">\n<p class=\"_rp_d ms-border-color-neutralLight\" aria-selected=\"true\" style=\"border-color: rgb(234, 234, 234); margin-right: 15px; margin-bottom: 0px; margin-left: 15px; border-bottom-width: 2px; border-bottom-style: solid; right: 0px; min-width: 230px; clear: both;\">\n<p autoid=\"_rp_q\" class=\"_rp_E4 ShowReferenceAttachmentsLinks\" style=\"min-height: 70px; padding: 13px 0px 34px;\">\n<p autoid=\"_rp_t\" class=\"_rp_G4\" style=\"clear: both; position: relative; top: 0px; width: auto; padding: 0px; word-wrap: break-word;\">\n<p class=\"_rp_H4 ms-font-weight-regular ms-font-color-neutralPrimary rpHighlightAllClass rpHighlightBodyClass\" style=\"color: rgb(51, 51, 51); font-size: 15px;\">\n<p class=\"rps_d668\">\n<p dir=\"ltr\">\n<p class=\"x_gmail_quote\">\n<p lang=\"PT-BR\">\n<p class=\"x_m_8980368625182081148WordSection1\">\n<p class=\"x_MsoNormal\" style=\"text-indent: 35.4pt;\"><span style=\"font-size: 12pt; font-family: Tahoma, sans-serif;\">Um exemplo dos reflexos que j\u00e1 se fazem sentir \u00e9 o fato de que os gastos com pessoal do Executivo estadual se mantiveram, no segundo quadrimestre de 2016, no mesmo status do primeiro quadrimestre: acima do limite prudencial estabelecido pela Lei de Responsabilidade Fiscal, que \u00e9 de 46,17% da Receita Corrente L\u00edquida (RCL), mas abaixo do limite m\u00e1ximo, fixado em 48,60%. Em agosto, as despesas com pessoal fecharam em 48,52% da RCL.<u><\/u><u><\/u><\/span><\/p>\n<p class=\"x_MsoNormal\" style=\"text-indent: 35.4pt;\"><span style=\"font-size: 12pt; font-family: Tahoma, sans-serif;\">De acordo com Manoel Vit\u00f3rio, o Estado ultrapassou o limite prudencial por duas raz\u00f5es: de um lado, as limita\u00e7\u00f5es ao crescimento das receitas, e do outro o d\u00e9ficit previdenci\u00e1rio, ou seja, o aporte feito pelo Tesouro Estadual para complementar o pagamento da folha de inativos, que deve ultrapassar os R$ 2 bilh\u00f5es em 2016 e vem impactando fortemente as despesas de pessoal.<u><\/u><u><\/u><\/span><\/p>\n<p class=\"x_MsoNormal\" style=\"text-indent: 35.4pt;\"><span style=\"font-size: 12pt; font-family: Tahoma, sans-serif;\">Outro fator que afeta as despesas de pessoal, ressaltou o secret\u00e1rio, \u00e9 o chamado crescimento vegetativo da folha, ou seja, o aumento do total desembolsado com o funcionalismo por conta de ajustes de rotina previstos pela legisla\u00e7\u00e3o, a exemplo dos anu\u00eanios, que prev\u00eam acr\u00e9scimos anuais de 1% nos sal\u00e1rios dos servidores.<u><\/u><u><\/u><\/span><\/p>\n<p class=\"x_MsoNormal\" style=\"text-indent: 35.4pt;\"><span style=\"font-size: 12pt; font-family: Tahoma, sans-serif;\">Embora venha mantendo o equil\u00edbrio fiscal e honrando seus compromissos, a Bahia n\u00e3o descarta a possibilidade de enfrentar problemas no final do ano com o pagamento do d\u00e9cimo terceiro sal\u00e1rio dos servidores, alertou Vit\u00f3rio. Ele lembrou que cada vez menos estados v\u00eam conseguindo pagar os servidores sem atraso. A maioria j\u00e1 vem pagando at\u00e9 o dia 10 do m\u00eas seguinte, ou parcelando os sal\u00e1rios.<u><\/u><u><\/u><\/span><\/p>\n<p class=\"x_MsoNormal\" align=\"center\" style=\"text-align: center; text-indent: 35.4pt;\"><b><u><span style=\"font-size: 12pt; font-family: Tahoma, sans-serif;\">D\u00edvida e investimento<u><\/u><u><\/u><\/span><\/u><\/b><\/p>\n<p class=\"x_MsoNormal\" style=\"text-indent: 35.4pt;\"><span style=\"font-size: 12pt; font-family: Tahoma, sans-serif;\">Um \u00edndice importante de manuten\u00e7\u00e3o do equil\u00edbrio das contas estaduais, segundo o secret\u00e1rio, \u00e9 o fato de que o Estado, a despeito da dif\u00edcil situa\u00e7\u00e3o econ\u00f4mica, melhorou o perfil de endividamento, que \u00e9 aferido a partir da propor\u00e7\u00e3o entre a d\u00edvida consolidada l\u00edquida (DCL) e a receita corrente l\u00edquida (RCL). Este indicador, que estava em 54% no primeiro quadrimestre, encerrado em abril, recuou at\u00e9 agosto, fechando o segundo quadrimestre em 52,8%.<u><\/u><u><\/u><\/span><\/p>\n<p class=\"x_MsoNormal\" style=\"text-indent: 35.4pt;\"><span style=\"font-size: 12pt; font-family: Tahoma, sans-serif;\">Vale ressaltar que, de acordo com a Lei de Responsabilidade Fiscal (LRF), a d\u00edvida pode equivaler no m\u00e1ximo a 200% da receita. Isso significa que a Bahia mant\u00e9m sob controle a gest\u00e3o dos seus compromissos futuros, ao contr\u00e1rio de Rio de Janeiro e Rio Grande do Sul, que j\u00e1 ultrapassaram o limite da LRF, e S\u00e3o Paulo e Minas Gerais, que se aproximam dele.<u><\/u><u><\/u><\/span><\/p>\n<p class=\"x_MsoNormal\" style=\"text-indent: 35.4pt;\"><span style=\"font-size: 12pt; font-family: Tahoma, sans-serif;\">Manter a d\u00edvida sob controle \u00e9 importante para garantir o acesso a novas opera\u00e7\u00f5es de cr\u00e9dito, lembrou Vit\u00f3rio, ressaltando que a autoriza\u00e7\u00e3o do Tesouro Nacional para que a Bahia tenha acesso a novos financiamentos vem sendo um pleito recorrente do governador Rui Costa. \u00c9 gra\u00e7as a financiamentos j\u00e1 contratados, explicou o secret\u00e1rio, que o Estado vem conseguindo manter o ritmo de investimentos e at\u00e9 ampli\u00e1-lo. O crescimento nessa \u00e1rea, at\u00e9 o segundo quadrimestre, foi de 27,3%: de R$ 1,35 bilh\u00e3o em 2015 para R$ 1,72 bilh\u00e3o em 2016.<u><\/u><u><\/u><\/span><\/p>\n<p class=\"x_MsoNormal\" style=\"text-indent: 35.4pt;\"><span style=\"font-size: 12pt; font-family: Tahoma, sans-serif;\">Na capital, o governo vem investindo fortemente em mobilidade urbana, com destaque para as obras de amplia\u00e7\u00e3o do metr\u00f4 e os novos corredores rodovi\u00e1rios, e tamb\u00e9m em sa\u00fade, incluindo o rec\u00e9m-inaugurado HGE2 e o Hospital da Mulher, e seguran\u00e7a, com a entrega do Centro de Opera\u00e7\u00f5es e Intelig\u00eancia 2 de Julho, o maior centro de opera\u00e7\u00f5es policiais da Am\u00e9rica do Sul.<u><\/u><u><\/u><\/span><\/p>\n<p class=\"x_MsoNormal\" style=\"text-indent: 35.4pt;\"><span style=\"font-size: 12pt; font-family: Tahoma, sans-serif;\">No interior, destaque para infraestrutura, com a constru\u00e7\u00e3o e a recupera\u00e7\u00e3o de estradas, habita\u00e7\u00e3o popular, educa\u00e7\u00e3o, com a constru\u00e7\u00e3o e a reforma de escolas, e sa\u00fade, incluindo os hospitais da Chapada e do Cacau e a constru\u00e7\u00e3o de Unidades de Pronto-Atendimento (UPAs) em todo o Estado.<u><\/u><u><\/u><\/span><\/p>\n<p class=\"x_MsoNormal\" align=\"center\" style=\"text-align: center; text-indent: 35.4pt;\">\n<p class=\"x_MsoNormal\" align=\"right\" style=\"text-align: right;\"><b><span style=\"font-size: 12pt; font-family: Tahoma, sans-serif;\">ASCOM\/IMPRENSA\/SEFAZ<\/span><\/b><\/p>\n","protected":false},"excerpt":{"rendered":"<p>\u200bO Governo do Estado j\u00e1 deixou de receber este ano R$ 509,3 milh\u00f5es do Fundo de Participa\u00e7\u00e3o dos Estados (FPE) e tem enfrentado dificuldades tamb\u00e9m na arrecada\u00e7\u00e3o pr\u00f3pria, que vem crescendo abaixo da infla\u00e7\u00e3o, mas tem preservado o equil\u00edbrio fiscal e mantido os compromissos em dia com servidores e fornecedores, al\u00e9m de ter melhorado o [&hellip;]<\/p>\n","protected":false},"author":2,"featured_media":0,"comment_status":"open","ping_status":"open","sticky":false,"template":"","format":"standard","meta":{"_links_to":"","_links_to_target":""},"categories":[1],"tags":[],"_links":{"self":[{"href":"https:\/\/www.ilheusnoticias.net.br\/v1\/wp-json\/wp\/v2\/posts\/1875"}],"collection":[{"href":"https:\/\/www.ilheusnoticias.net.br\/v1\/wp-json\/wp\/v2\/posts"}],"about":[{"href":"https:\/\/www.ilheusnoticias.net.br\/v1\/wp-json\/wp\/v2\/types\/post"}],"author":[{"embeddable":true,"href":"https:\/\/www.ilheusnoticias.net.br\/v1\/wp-json\/wp\/v2\/users\/2"}],"replies":[{"embeddable":true,"href":"https:\/\/www.ilheusnoticias.net.br\/v1\/wp-json\/wp\/v2\/comments?post=1875"}],"version-history":[{"count":1,"href":"https:\/\/www.ilheusnoticias.net.br\/v1\/wp-json\/wp\/v2\/posts\/1875\/revisions"}],"predecessor-version":[{"id":1876,"href":"https:\/\/www.ilheusnoticias.net.br\/v1\/wp-json\/wp\/v2\/posts\/1875\/revisions\/1876"}],"wp:attachment":[{"href":"https:\/\/www.ilheusnoticias.net.br\/v1\/wp-json\/wp\/v2\/media?parent=1875"}],"wp:term":[{"taxonomy":"category","embeddable":true,"href":"https:\/\/www.ilheusnoticias.net.br\/v1\/wp-json\/wp\/v2\/categories?post=1875"},{"taxonomy":"post_tag","embeddable":true,"href":"https:\/\/www.ilheusnoticias.net.br\/v1\/wp-json\/wp\/v2\/tags?post=1875"}],"curies":[{"name":"wp","href":"https:\/\/api.w.org\/{rel}","templated":true}]}}