{"id":18599,"date":"2019-03-21T11:31:33","date_gmt":"2019-03-21T14:31:33","guid":{"rendered":"http:\/\/www.ilheusnoticias.net.br\/v1\/?p=18599"},"modified":"2019-03-21T11:31:33","modified_gmt":"2019-03-21T14:31:33","slug":"defesa-civil-da-assistencia-as-vitimas-do-rompimento-de-adutora-no-alto-da-tapera","status":"publish","type":"post","link":"https:\/\/www.ilheusnoticias.net.br\/v1\/2019\/03\/21\/defesa-civil-da-assistencia-as-vitimas-do-rompimento-de-adutora-no-alto-da-tapera\/","title":{"rendered":"Defesa Civil d\u00e1 assist\u00eancia \u00e0s v\u00edtimas do rompimento de adutora no Alto da Tapera"},"content":{"rendered":"<h3><\/h3>\n<div class=\"imagem thumbnail col-xs-12 col-sm-8 col-md-6 col-lg-6 imagem-materia\"><a class=\"fresco\" title=\"\" href=\"http:\/\/portalfacilclientes.blob.core.windows.net\/uploads\/ILHEUS\/imgOrig\/%7BC3CA8CCC-D74D-AACA-3DE6-CDDAEA0D2202%7D.jpeg\" data-fresco-caption=\"\"><img loading=\"lazy\" title=\"\" src=\"http:\/\/portalfacilclientes.blob.core.windows.net\/uploads\/ILHEUS\/img\/%7BC3CA8CCC-D74D-AACA-3DE6-CDDAEA0D2202%7D\/%7BC3CA8CCC-D74D-AACA-3DE6-CDDAEA0D2202%7D_650X450.jpeg\" alt=\"Rompimento de adutora da Embasa no Alto da Tapera, em Ilh\u00e9us - Foto Rodrigo Mac\u00eado\" width=\"650\" height=\"450\" \/><\/a><\/div>\n<div class=\"imagem thumbnail col-xs-12 col-sm-8 col-md-6 col-lg-6 imagem-materia\"><a class=\"fresco\" title=\"\" href=\"http:\/\/portalfacilclientes.blob.core.windows.net\/uploads\/ILHEUS\/imgOrig\/%7BD62A1D2A-DBCD-D85B-DDB0-E1DABABAABCB%7D.jpeg\" data-fresco-caption=\"\"><img loading=\"lazy\" title=\"\" src=\"http:\/\/portalfacilclientes.blob.core.windows.net\/uploads\/ILHEUS\/img\/%7BD62A1D2A-DBCD-D85B-DDB0-E1DABABAABCB%7D\/%7BD62A1D2A-DBCD-D85B-DDB0-E1DABABAABCB%7D_650X450.jpeg\" alt=\"Rompimento de adutora da Embasa no Alto da Tapera, em Ilh\u00e9us - Foto Rodrigo Mac\u00eado\" width=\"650\" height=\"450\" \/><\/a><\/div>\n<div class=\"imagem thumbnail col-xs-12 col-sm-8 col-md-6 col-lg-6 imagem-materia\"><a class=\"fresco\" title=\"\" href=\"http:\/\/portalfacilclientes.blob.core.windows.net\/uploads\/ILHEUS\/imgOrig\/%7BD5D33A0C-5D05-ABD2-DECC-402A0C0A2C4A%7D.jpeg\" data-fresco-caption=\"\"><img loading=\"lazy\" title=\"\" src=\"http:\/\/portalfacilclientes.blob.core.windows.net\/uploads\/ILHEUS\/img\/%7BD5D33A0C-5D05-ABD2-DECC-402A0C0A2C4A%7D\/%7BD5D33A0C-5D05-ABD2-DECC-402A0C0A2C4A%7D_650X450.jpeg\" alt=\"Rompimento de adutora da Embasa no Alto da Tapera, em Ilh\u00e9us - Foto Rodrigo Mac\u00eado\" width=\"650\" height=\"450\" \/><\/a><\/div>\n<p>Atendendo determina\u00e7\u00e3o do prefeito M\u00e1rio Alexandre, a Defesa Civil est\u00e1 prestando assist\u00eancia total \u00e0s fam\u00edlias atingidas pelo rompimento de adutora da Empresa Baiana de \u00c1guas e Saneamento (Embasa), ocorrido no \u00faltimo domingo (17) no Alto da Tapera. Com o rompimento dos dutos, a for\u00e7a da \u00e1gua invadiu cinco im\u00f3veis, por\u00e9m ningu\u00e9m ficou ferido.<\/p>\n<p>Segundo coordenador do \u00f3rg\u00e3o, Joandre Neres, ap\u00f3s o socorro imediato aos moradores no domingo, a Prefeitura de Ilh\u00e9us intermediou junto \u00e0 Embasa as provid\u00eancias necess\u00e1rias para alojamento das fam\u00edlias em locais seguros. \u201cMonitoramos a transfer\u00eancia da maioria dos moradores para hot\u00e9is e de uma fam\u00edlia para im\u00f3vel alugado, solicitamos da empresa alimenta\u00e7\u00e3o para as v\u00edtimas e fizemos a vistoria b\u00e1sica da \u00e1rea\u201d, relata o coordenador.<\/p>\n<p><!--more--><\/p>\n<p>Na tarde desta quarta-feira (20), haver\u00e1 uma reuni\u00e3o entre a Defesa Civil e Embasa, para definir os encaminhamentos necess\u00e1rios \u00e0s indeniza\u00e7\u00f5es das fam\u00edlias que perderam os im\u00f3veis. Uma casa j\u00e1 foi demolida e outras quatro localizados na \u00e1rea de risco ser\u00e3o derrubadas.<\/p>\n<p><strong>Fiscaliza\u00e7\u00e3o &#8211;\u00a0<\/strong>\u201cAcompanharemos os tr\u00e2mites at\u00e9 que as indeniza\u00e7\u00f5es sejam resolvidas, depois as casas ser\u00e3o demolidas e por fim vamos vigiar, juntamente com a Embasa, para que outros im\u00f3veis n\u00e3o sejam constru\u00eddos no local, que al\u00e9m de ser uma \u00e1rea de risco de deslizamentos naturais \u00e9 tamb\u00e9m vulner\u00e1vel pela presen\u00e7a da tubula\u00e7\u00e3o de \u00e1gua\u201d, explica Joandre Neres.<\/p>\n<p>O coordenador da Defesa Civil de Ilh\u00e9us adianta que o prefeito M\u00e1rio Alexandre j\u00e1 solicitou uma revis\u00e3o dessas \u00e1reas por onde passam os dutos da Embasa e tamb\u00e9m a fiscaliza\u00e7\u00e3o das caixas d\u2019\u00e1gua, a fim de evitar riscos para as fam\u00edlias que vivem nestes locais.<\/p>\n<p>A equipe da Defesa Civil tamb\u00e9m est\u00e1 inspecionando as redondezas do local do acidente, para identificar poss\u00edveis riscos de rompimento. \u201cFizemos uma avalia\u00e7\u00e3o b\u00e1sica nas \u00e1reas pr\u00f3ximas e percebemos que n\u00e3o h\u00e1 perigo de acontecer outro acidente nestas proximidades\u201d, conclui o coordenador.<\/p>\n","protected":false},"excerpt":{"rendered":"<p>Atendendo determina\u00e7\u00e3o do prefeito M\u00e1rio Alexandre, a Defesa Civil est\u00e1 prestando assist\u00eancia total \u00e0s fam\u00edlias atingidas pelo rompimento de adutora da Empresa Baiana de \u00c1guas e Saneamento (Embasa), ocorrido no \u00faltimo domingo (17) no Alto da Tapera. Com o rompimento dos dutos, a for\u00e7a da \u00e1gua invadiu cinco im\u00f3veis, por\u00e9m ningu\u00e9m ficou ferido. Segundo coordenador [&hellip;]<\/p>\n","protected":false},"author":2,"featured_media":0,"comment_status":"open","ping_status":"open","sticky":false,"template":"","format":"standard","meta":{"_links_to":"","_links_to_target":""},"categories":[7,9,8,1],"tags":[],"_links":{"self":[{"href":"https:\/\/www.ilheusnoticias.net.br\/v1\/wp-json\/wp\/v2\/posts\/18599"}],"collection":[{"href":"https:\/\/www.ilheusnoticias.net.br\/v1\/wp-json\/wp\/v2\/posts"}],"about":[{"href":"https:\/\/www.ilheusnoticias.net.br\/v1\/wp-json\/wp\/v2\/types\/post"}],"author":[{"embeddable":true,"href":"https:\/\/www.ilheusnoticias.net.br\/v1\/wp-json\/wp\/v2\/users\/2"}],"replies":[{"embeddable":true,"href":"https:\/\/www.ilheusnoticias.net.br\/v1\/wp-json\/wp\/v2\/comments?post=18599"}],"version-history":[{"count":1,"href":"https:\/\/www.ilheusnoticias.net.br\/v1\/wp-json\/wp\/v2\/posts\/18599\/revisions"}],"predecessor-version":[{"id":18600,"href":"https:\/\/www.ilheusnoticias.net.br\/v1\/wp-json\/wp\/v2\/posts\/18599\/revisions\/18600"}],"wp:attachment":[{"href":"https:\/\/www.ilheusnoticias.net.br\/v1\/wp-json\/wp\/v2\/media?parent=18599"}],"wp:term":[{"taxonomy":"category","embeddable":true,"href":"https:\/\/www.ilheusnoticias.net.br\/v1\/wp-json\/wp\/v2\/categories?post=18599"},{"taxonomy":"post_tag","embeddable":true,"href":"https:\/\/www.ilheusnoticias.net.br\/v1\/wp-json\/wp\/v2\/tags?post=18599"}],"curies":[{"name":"wp","href":"https:\/\/api.w.org\/{rel}","templated":true}]}}