{"id":1827,"date":"2016-10-11T07:10:02","date_gmt":"2016-10-11T10:10:02","guid":{"rendered":"http:\/\/www.ilheusnoticias.net.br\/v1\/?p=1827"},"modified":"2016-10-11T07:10:02","modified_gmt":"2016-10-11T10:10:02","slug":"utilidade-publica-em-ilheus-ponto-alto-da-campanha-outubro-rosa-acontecera-no-dia-27","status":"publish","type":"post","link":"https:\/\/www.ilheusnoticias.net.br\/v1\/2016\/10\/11\/utilidade-publica-em-ilheus-ponto-alto-da-campanha-outubro-rosa-acontecera-no-dia-27\/","title":{"rendered":"UTILIDADE P\u00daBLICA: Em Ilh\u00e9us, ponto alto da Campanha  Outubro Rosa acontecer\u00e1 no dia 27"},"content":{"rendered":"<div><\/div>\n<div>\n<p class=\"x_MsoNormal\" align=\"center\"><b><a href=\"http:\/\/www.ilheusnoticias.net.br\/v1\/wp-content\/uploads\/2016\/10\/CANCER-DE-MAMA.jpg\" rel=\"attachment wp-att-1828\"><img loading=\"lazy\" class=\"aligncenter size-full wp-image-1828\" src=\"http:\/\/www.ilheusnoticias.net.br\/v1\/wp-content\/uploads\/2016\/10\/CANCER-DE-MAMA.jpg\" alt=\"cancer-de-mama\" width=\"136\" height=\"126\" \/><\/a>\u00a0<\/b><\/p>\n<p class=\"x_MsoNormal\">A Campanha Outubro Rosa, cuja proposta \u00e9 alertar a socidade e as mulheres a partir dos 40 anos para a import\u00e2ncia da preven\u00e7\u00e3o e do diagn\u00f3stico precoce do c\u00e2ncer de mama, ter\u00e1 seu ponto alto em Ilh\u00e9us no pr\u00f3ximo dia 27. Al\u00e9m de disponibilizar uma s\u00e9rie de atividades durante todo o m\u00eas nas unidades de atendimento do munic\u00edpio, neste dia, a Secretaria de Sa\u00fade (Sesau) promover\u00e1 um grande mutir\u00e3o, das 8 \u00e0s 17 horas, na \u00a0\u00a0\u00a0\u00a0\u00a0\u00a0\u00a0\u00a0\u00a0Pra\u00e7a J.J. Seabra, centro da cidade, em frente \u00e0 C\u00e2mara de Vereadores.<\/p>\n<p class=\"x_MsoNormal\">Segundo B\u00e1rbara Christian, coordenadora do Departamento de Aten\u00e7\u00e3o B\u00e1sica de Ilh\u00e9us, durante o dia 27, dezenas de profissionais v\u00e3o realizar atividades como triagem (classifica\u00e7\u00e3o de risco das mulheres), exame cl\u00ednico das mamas (rastreamento feito por enfermeiras), exame clinico das mamas (casos suspeitos aferidos por mastologistas), orienta\u00e7\u00e3o nutricional (alimentos que previnem o c\u00e2ncer) e servi\u00e7os est\u00e9ticos, como limpeza de pele, maquiagem, corte de cabelo, entre outras.<\/p>\n<p class=\"x_MsoNormal\">\n<p class=\"x_MsoNormal\"><b>Mama<\/b> -A campanha\u00a0Outubro\u00a0Rosa\u00a0surgiu em 1990, na primeira Corrida pela Cura, realizada nos Estados Unidos. O nome remete \u00e0 cor do la\u00e7o\u00a0rosa\u00a0que simboliza, mundialmente, a luta contra o c\u00e2ncer de mama, visando estimular uma maior participa\u00e7\u00e3o da popula\u00e7\u00e3o, empresas e entidades. De acordo com os especialistas, o c\u00e2ncer de mama \u00e9 a causa mais frequente de morte por esse tipo de mal nas mulheres, embora existam meios de detec\u00e7\u00e3o precoce que apresentam boa efici\u00eancia, a exemplo do exame cl\u00ednico, do autoexame, da mamografia e da ultrassonografia.<\/p>\n<p class=\"x_MsoNormal\">B\u00e1rbara Christian lembra que n\u00e3o existe uma causa \u00fanica para o c\u00e2ncer de mama, que \u00e9 mais comum em mulheres (apenas 1% dos casos s\u00e3o diagnosticados em homens) e tem na idade um dos mais importantes fatores de risco para a doen\u00e7a. Cerca de quatro em cada cinco casos ocorrem ap\u00f3s os 50 anos. O c\u00e2ncer de mama de car\u00e1ter gen\u00e9tico\/heredit\u00e1rio corresponde a apenas 5% a 10% dos casos da doen\u00e7a.<\/p>\n<p class=\"x_MsoNormal\">Al\u00e9m disso, diversos fatores est\u00e3o relacionados ao c\u00e2ncer de mama: fatores ambientais e comportamentais (obesidade ap\u00f3s a menopausa, sedentarismo, consumo excessivo de bebida alco\u00f3lica, exposi\u00e7\u00e3o frequente a radia\u00e7\u00f5es ionizantes); fatores da hist\u00f3ria reprodutiva e hormonal (primeira menstrua\u00e7\u00e3o antes de 12 anos, n\u00e3o ter tido filhos, primeira gravidez ap\u00f3s os 30 anos e n\u00e3o ter amamentado); e, por fim, fatores gen\u00e9ticos e heredit\u00e1rios (hist\u00f3ria familiar de c\u00e2ncer de ov\u00e1rio, casos de c\u00e2ncer de mama na fam\u00edlia e altera\u00e7\u00e3o gen\u00e9tica.<\/p>\n<p class=\"x_MsoNormal\">A preven\u00e7\u00e3o do c\u00e2ncer de mama pode ser dividida em prim\u00e1ria e secund\u00e1ria: a primeira envolve a ado\u00e7\u00e3o de h\u00e1bitos saud\u00e1veis e a segunda diz respeito, primordialmente, a realiza\u00e7\u00e3o de exames de rastreamento com o objetivo de diagnosticar o c\u00e2ncer em est\u00e1gio precoce<\/p>\n<\/div>\n<p><!--more--><\/p>\n","protected":false},"excerpt":{"rendered":"<p>\u00a0 A Campanha Outubro Rosa, cuja proposta \u00e9 alertar a socidade e as mulheres a partir dos 40 anos para a import\u00e2ncia da preven\u00e7\u00e3o e do diagn\u00f3stico precoce do c\u00e2ncer de mama, ter\u00e1 seu ponto alto em Ilh\u00e9us no pr\u00f3ximo dia 27. Al\u00e9m de disponibilizar uma s\u00e9rie de atividades durante todo o m\u00eas nas unidades [&hellip;]<\/p>\n","protected":false},"author":2,"featured_media":0,"comment_status":"open","ping_status":"open","sticky":false,"template":"","format":"standard","meta":{"_links_to":"","_links_to_target":""},"categories":[1],"tags":[],"_links":{"self":[{"href":"https:\/\/www.ilheusnoticias.net.br\/v1\/wp-json\/wp\/v2\/posts\/1827"}],"collection":[{"href":"https:\/\/www.ilheusnoticias.net.br\/v1\/wp-json\/wp\/v2\/posts"}],"about":[{"href":"https:\/\/www.ilheusnoticias.net.br\/v1\/wp-json\/wp\/v2\/types\/post"}],"author":[{"embeddable":true,"href":"https:\/\/www.ilheusnoticias.net.br\/v1\/wp-json\/wp\/v2\/users\/2"}],"replies":[{"embeddable":true,"href":"https:\/\/www.ilheusnoticias.net.br\/v1\/wp-json\/wp\/v2\/comments?post=1827"}],"version-history":[{"count":1,"href":"https:\/\/www.ilheusnoticias.net.br\/v1\/wp-json\/wp\/v2\/posts\/1827\/revisions"}],"predecessor-version":[{"id":1829,"href":"https:\/\/www.ilheusnoticias.net.br\/v1\/wp-json\/wp\/v2\/posts\/1827\/revisions\/1829"}],"wp:attachment":[{"href":"https:\/\/www.ilheusnoticias.net.br\/v1\/wp-json\/wp\/v2\/media?parent=1827"}],"wp:term":[{"taxonomy":"category","embeddable":true,"href":"https:\/\/www.ilheusnoticias.net.br\/v1\/wp-json\/wp\/v2\/categories?post=1827"},{"taxonomy":"post_tag","embeddable":true,"href":"https:\/\/www.ilheusnoticias.net.br\/v1\/wp-json\/wp\/v2\/tags?post=1827"}],"curies":[{"name":"wp","href":"https:\/\/api.w.org\/{rel}","templated":true}]}}