{"id":1812,"date":"2016-10-10T09:51:20","date_gmt":"2016-10-10T12:51:20","guid":{"rendered":"http:\/\/www.ilheusnoticias.net.br\/v1\/?p=1812"},"modified":"2016-10-10T09:51:20","modified_gmt":"2016-10-10T12:51:20","slug":"crianca-disse-que-foi-sequestrada-na-mangabinha","status":"publish","type":"post","link":"https:\/\/www.ilheusnoticias.net.br\/v1\/2016\/10\/10\/crianca-disse-que-foi-sequestrada-na-mangabinha\/","title":{"rendered":"Crian\u00e7a disse que foi sequestrada na Mangabinha"},"content":{"rendered":"<div class=\"entry-content\">\n<p>Itabuna- Ma<img loading=\"lazy\" class=\"wp-image-30303 alignleft colorbox-30302\" src=\"http:\/\/vermelhinhoba.com.br\/wp-content\/uploads\/2016\/10\/Capturar-1.jpg\" alt=\"capturar\" width=\"367\" height=\"278\" \/>ria Regina Fontes dos Santos, 12 anos, que estava desaparecida desde ter\u00e7a-feira (4), do bairro Mangabinha, onde mora com a fam\u00edlia, foi encontrada por um popular que a reconheceu ap\u00f3s a foto dela ser publicada nas redes sociais e na imprensa. Segundo ela, homens n\u00e3o identificados em um carro preto teriam lhe sequestrado, mas ela conseguiu escapar. O caso est\u00e1 sendo investigado pela pol\u00edcia.<\/p>\n<\/div>\n","protected":false},"excerpt":{"rendered":"<p>Itabuna- Maria Regina Fontes dos Santos, 12 anos, que estava desaparecida desde ter\u00e7a-feira (4), do bairro Mangabinha, onde mora com a fam\u00edlia, foi encontrada por um popular que a reconheceu ap\u00f3s a foto dela ser publicada nas redes sociais e na imprensa. Segundo ela, homens n\u00e3o identificados em um carro preto teriam lhe sequestrado, mas [&hellip;]<\/p>\n","protected":false},"author":2,"featured_media":0,"comment_status":"open","ping_status":"open","sticky":false,"template":"","format":"standard","meta":{"_links_to":"","_links_to_target":""},"categories":[1],"tags":[],"_links":{"self":[{"href":"https:\/\/www.ilheusnoticias.net.br\/v1\/wp-json\/wp\/v2\/posts\/1812"}],"collection":[{"href":"https:\/\/www.ilheusnoticias.net.br\/v1\/wp-json\/wp\/v2\/posts"}],"about":[{"href":"https:\/\/www.ilheusnoticias.net.br\/v1\/wp-json\/wp\/v2\/types\/post"}],"author":[{"embeddable":true,"href":"https:\/\/www.ilheusnoticias.net.br\/v1\/wp-json\/wp\/v2\/users\/2"}],"replies":[{"embeddable":true,"href":"https:\/\/www.ilheusnoticias.net.br\/v1\/wp-json\/wp\/v2\/comments?post=1812"}],"version-history":[{"count":1,"href":"https:\/\/www.ilheusnoticias.net.br\/v1\/wp-json\/wp\/v2\/posts\/1812\/revisions"}],"predecessor-version":[{"id":1813,"href":"https:\/\/www.ilheusnoticias.net.br\/v1\/wp-json\/wp\/v2\/posts\/1812\/revisions\/1813"}],"wp:attachment":[{"href":"https:\/\/www.ilheusnoticias.net.br\/v1\/wp-json\/wp\/v2\/media?parent=1812"}],"wp:term":[{"taxonomy":"category","embeddable":true,"href":"https:\/\/www.ilheusnoticias.net.br\/v1\/wp-json\/wp\/v2\/categories?post=1812"},{"taxonomy":"post_tag","embeddable":true,"href":"https:\/\/www.ilheusnoticias.net.br\/v1\/wp-json\/wp\/v2\/tags?post=1812"}],"curies":[{"name":"wp","href":"https:\/\/api.w.org\/{rel}","templated":true}]}}