{"id":15481,"date":"2018-06-26T07:50:13","date_gmt":"2018-06-26T10:50:13","guid":{"rendered":"http:\/\/www.ilheusnoticias.net.br\/v1\/?p=15481"},"modified":"2018-06-26T07:50:13","modified_gmt":"2018-06-26T10:50:13","slug":"fachin-envia-recurso-de-lula-ao-plenario-do-stf","status":"publish","type":"post","link":"https:\/\/www.ilheusnoticias.net.br\/v1\/2018\/06\/26\/fachin-envia-recurso-de-lula-ao-plenario-do-stf\/","title":{"rendered":"Fachin envia recurso de Lula ao plen\u00e1rio do STF"},"content":{"rendered":"<div class=\"newsHeader\"><\/div>\n<div class=\"newsCredits\"><\/div>\n<div class=\"cmp3AdBanners pull-right hidden-print\">\n<div class=\"adBanner300x250\">\n<div id=\"gam-holder-banner_master\" class=\"gam-holder\">\n<div id=\"google_ads_div_banner_master_ad_wrapper\">\n<div id=\"google_ads_div_banner_master_ad_container\"><\/div>\n<\/div>\n<\/div>\n<\/div>\n<\/div>\n<article>O ministro do Supremo Tribunal Federal (STF) Edson Fachin decidiu\u00a0 enviar o pedido de liberdade feito pela defesa do ex-presidente Luiz In\u00e1cio Lula da Silva para julgamento no plen\u00e1rio da Corte.<\/p>\n<p>A decis\u00e3o do ministro foi motivada por uma peti\u00e7\u00e3o feita, mais cedo, pelos advogados de Lula. Os defensores pediram que o ministro reconsidere decis\u00e3o que rejeitou analisar o caso, na sexta-feira (22). Al\u00e9m disso, a defesa tamb\u00e9m pretendia que a quest\u00e3o fosse julgado pela Segunda Turma do tribunal, formada por Fachin e os ministros Ricardo Lewandowski, Gilmar Mendes, Dias Toffoli e Celso de Mello.<\/p>\n<\/article>\n<p><!--more--><\/p>\n<article>Com a decis\u00e3o do ministro, o caso dever\u00e1 ser julgado somente em agosto, ap\u00f3s o recesso de julho na Corte. Nesta semana, o plen\u00e1rio far\u00e1 as duas \u00faltimas sess\u00f5es antes do recesso e as pautas de julgamento j\u00e1 foram definidas. Antes disso, a Procuradoria-Geral da Rep\u00fablica (PGR) dever\u00e1 enviar parecer sobre a quest\u00e3o. Ap\u00f3s a tramita\u00e7\u00e3o formal, caber\u00e1 \u00e0\u00a0presidente do STF, C\u00e1rmen L\u00facia, pautar o pedido.<\/p>\n<div class=\"dnd-widget-wrapper context-cheio_8colunas type-image\">\n<div class=\"dnd-atom-rendered\">\n<figure class=\"mejs-fotoh-wrapper\"><img class=\"img-responsive full full\" title=\"Ministro Edson Fachin durante sess\u00e3o da Segunda Turma do STF para jugar a\u00e7\u00e3o penal proposta pela Procuradoria-Geral da Rep\u00fablica (PGR) contra a senadora Gleisi Hoffmann e seu marido, o ex-ministro do Planejamento Paulo Bernardo.\/Nelson Jr.\/SCO\/STF\" src=\"http:\/\/imagens.ebc.com.br\/uhX_w6rt6SityHli8nWKTBKM4lQ=\/754x0\/smart\/http:\/\/agenciabrasil.ebc.com.br\/sites\/default\/files\/thumbnails\/image\/bancoimagemfotoaudiencia_ap_381865.jpg?itok=kNfeA3lh\" alt=\"Ministro Edson Fachin durante sess\u00e3o da Segunda Turma do STF para jugar a\u00e7\u00e3o penal proposta pela Procuradoria-Geral da Rep\u00fablica (PGR) contra a senadora Gleisi Hoffmann e seu marido, o ex-ministro do Planejamento Paulo Bernardo.\" \/><\/figure>\n<\/div>\n<div class=\"dnd-caption-wrapper\">\n<h6 class=\"meta\">Ministro Edson Fachin decidiu enviar processo pedido de liberdade feito pela defesa do ex-presidente Luiz In\u00e1cio Lula da Silva para julgamento no plen\u00e1rio da Corte\u00a0&#8211; Nelson Jr.\/SCO\/STF<\/h6>\n<\/div>\n<\/div>\n<h2>Pedido rejeitado<\/h2>\n<p>Na sexta-feira (22), Fachin rejeitou o pedido protocolado pela defesa do ex-presidente para aguardar em liberdade o julgamento de mais um recurso contra a condena\u00e7\u00e3o na Opera\u00e7\u00e3o Lava Jato. Com a decis\u00e3o, Lula continuou preso.<\/p>\n<p>A decis\u00e3o foi tomada ap\u00f3s a vice-presidente do Tribunal Regional Federal da 4\u00aa Regi\u00e3o (TRF4), Maria de F\u00e1tima Freitas Labarr\u00e8re, rejeitar pedido para que a condena\u00e7\u00e3o a 12 anos e um m\u00eas de pris\u00e3o pelos crimes de corrup\u00e7\u00e3o e lavagem de dinheiro no caso do tr\u00edplex em Guaruj\u00e1 (SP), um dos processos da opera\u00e7\u00e3o, fosse analisado pela Corte.<\/p>\n<p>No novo pedido, a defesa alega que Lula est\u00e1 preso ilegalmente h\u00e1 80 dias e pede urg\u00eancia no julgamento. \u201cO dano concreto que se objetiva cessar \u00e9 dirigido \u00e0 liberdade do Agravante, custodiado na Superintend\u00eancia Regional da Pol\u00edcia Federal em Curitiba h\u00e1 80 dias, mesmo a liberdade sendo bem jur\u00eddico de primeira import\u00e2ncia em qualquer Estado Democr\u00e1tico de Direito\u201d, sustentam os advogados.<\/p>\n<\/article>\n","protected":false},"excerpt":{"rendered":"<p>O ministro do Supremo Tribunal Federal (STF) Edson Fachin decidiu\u00a0 enviar o pedido de liberdade feito pela defesa do ex-presidente Luiz In\u00e1cio Lula da Silva para julgamento no plen\u00e1rio da Corte. A decis\u00e3o do ministro foi motivada por uma peti\u00e7\u00e3o feita, mais cedo, pelos advogados de Lula. Os defensores pediram que o ministro reconsidere decis\u00e3o [&hellip;]<\/p>\n","protected":false},"author":2,"featured_media":0,"comment_status":"open","ping_status":"open","sticky":false,"template":"","format":"standard","meta":{"_links_to":"","_links_to_target":""},"categories":[7,9,8,1],"tags":[],"_links":{"self":[{"href":"https:\/\/www.ilheusnoticias.net.br\/v1\/wp-json\/wp\/v2\/posts\/15481"}],"collection":[{"href":"https:\/\/www.ilheusnoticias.net.br\/v1\/wp-json\/wp\/v2\/posts"}],"about":[{"href":"https:\/\/www.ilheusnoticias.net.br\/v1\/wp-json\/wp\/v2\/types\/post"}],"author":[{"embeddable":true,"href":"https:\/\/www.ilheusnoticias.net.br\/v1\/wp-json\/wp\/v2\/users\/2"}],"replies":[{"embeddable":true,"href":"https:\/\/www.ilheusnoticias.net.br\/v1\/wp-json\/wp\/v2\/comments?post=15481"}],"version-history":[{"count":1,"href":"https:\/\/www.ilheusnoticias.net.br\/v1\/wp-json\/wp\/v2\/posts\/15481\/revisions"}],"predecessor-version":[{"id":15482,"href":"https:\/\/www.ilheusnoticias.net.br\/v1\/wp-json\/wp\/v2\/posts\/15481\/revisions\/15482"}],"wp:attachment":[{"href":"https:\/\/www.ilheusnoticias.net.br\/v1\/wp-json\/wp\/v2\/media?parent=15481"}],"wp:term":[{"taxonomy":"category","embeddable":true,"href":"https:\/\/www.ilheusnoticias.net.br\/v1\/wp-json\/wp\/v2\/categories?post=15481"},{"taxonomy":"post_tag","embeddable":true,"href":"https:\/\/www.ilheusnoticias.net.br\/v1\/wp-json\/wp\/v2\/tags?post=15481"}],"curies":[{"name":"wp","href":"https:\/\/api.w.org\/{rel}","templated":true}]}}