{"id":15348,"date":"2018-06-20T08:50:31","date_gmt":"2018-06-20T11:50:31","guid":{"rendered":"http:\/\/www.ilheusnoticias.net.br\/v1\/?p=15348"},"modified":"2018-06-20T08:50:31","modified_gmt":"2018-06-20T11:50:31","slug":"ilheus-coleta-de-lixo-e-suspensa-apos-aterro-ser-interditado","status":"publish","type":"post","link":"https:\/\/www.ilheusnoticias.net.br\/v1\/2018\/06\/20\/ilheus-coleta-de-lixo-e-suspensa-apos-aterro-ser-interditado\/","title":{"rendered":"ILH\u00c9US: COLETA DE LIXO \u00c9 SUSPENSA AP\u00d3S ATERRO SER INTERDITADO"},"content":{"rendered":"<header>\n<p class=\"article-title\">\n<div class=\"capa\"><span class=\"box box-12 capa-video\"><a title=\"ILH\u00c9US: COLETA DE LIXO \u00c9 SUSPENSA AP\u00d3S ATERRO SER INTERDITADO\" href=\"http:\/\/www.otabuleiro.com.br\/artigo\/ilheus-coleta-de-lixo-e-suspensa-apos-aterro-ser-interditado\"><img loading=\"lazy\" class=\"\" title=\"ILH\u00c9US: COLETA DE LIXO \u00c9 SUSPENSA AP\u00d3S ATERRO SER INTERDITADO\" src=\"http:\/\/www.otabuleiro.com.br\/uploads\/images\/2018\/06\/ilheus-coleta-de-lixo-e-suspensa-apos-lixao-ser-fechado.png\" alt=\"ILH\u00c9US: COLETA DE LIXO \u00c9 SUSPENSA AP\u00d3S ATERRO SER INTERDITADO\" width=\"461\" height=\"259\" \/><\/a><\/span><\/div>\n<ul class=\"info\">\n<li class=\"date\"><\/li>\n<\/ul>\n<\/header>\n<p>A coleta de lixo em Ilh\u00e9us est\u00e1 suspensa a partir da noite dessa ter\u00e7a-feira. O fato se deve ao fechamento do aterro do Itariri, desde a tarde de ontem(19). Segundo informa\u00e7\u00f5es, a situa\u00e7\u00e3o foi causada devido a quebra de um trator da Prefeitura Municipal, que teria quebrado h\u00e1 uma semana, e desde l\u00e1 n\u00e3o recebeu manuten\u00e7\u00e3o. O equipamento compactava o lixo trazido pelos caminh\u00f5es at\u00e9 o local.Sem o trator, a quantidade de lixo acumulou a ponto de tornar invi\u00e1vel at\u00e9 mesmo a entrada e circula\u00e7\u00e3o dos ve\u00edculos. A situa\u00e7\u00e3o se agravou ainda com a queima de parte do lixo acumulado<\/p>\n<p>&nbsp;<\/p>\n","protected":false},"excerpt":{"rendered":"<p>A coleta de lixo em Ilh\u00e9us est\u00e1 suspensa a partir da noite dessa ter\u00e7a-feira. O fato se deve ao fechamento do aterro do Itariri, desde a tarde de ontem(19). Segundo informa\u00e7\u00f5es, a situa\u00e7\u00e3o foi causada devido a quebra de um trator da Prefeitura Municipal, que teria quebrado h\u00e1 uma semana, e desde l\u00e1 n\u00e3o recebeu [&hellip;]<\/p>\n","protected":false},"author":2,"featured_media":0,"comment_status":"open","ping_status":"open","sticky":false,"template":"","format":"standard","meta":{"_links_to":"","_links_to_target":""},"categories":[7,9,8,1],"tags":[],"_links":{"self":[{"href":"https:\/\/www.ilheusnoticias.net.br\/v1\/wp-json\/wp\/v2\/posts\/15348"}],"collection":[{"href":"https:\/\/www.ilheusnoticias.net.br\/v1\/wp-json\/wp\/v2\/posts"}],"about":[{"href":"https:\/\/www.ilheusnoticias.net.br\/v1\/wp-json\/wp\/v2\/types\/post"}],"author":[{"embeddable":true,"href":"https:\/\/www.ilheusnoticias.net.br\/v1\/wp-json\/wp\/v2\/users\/2"}],"replies":[{"embeddable":true,"href":"https:\/\/www.ilheusnoticias.net.br\/v1\/wp-json\/wp\/v2\/comments?post=15348"}],"version-history":[{"count":1,"href":"https:\/\/www.ilheusnoticias.net.br\/v1\/wp-json\/wp\/v2\/posts\/15348\/revisions"}],"predecessor-version":[{"id":15349,"href":"https:\/\/www.ilheusnoticias.net.br\/v1\/wp-json\/wp\/v2\/posts\/15348\/revisions\/15349"}],"wp:attachment":[{"href":"https:\/\/www.ilheusnoticias.net.br\/v1\/wp-json\/wp\/v2\/media?parent=15348"}],"wp:term":[{"taxonomy":"category","embeddable":true,"href":"https:\/\/www.ilheusnoticias.net.br\/v1\/wp-json\/wp\/v2\/categories?post=15348"},{"taxonomy":"post_tag","embeddable":true,"href":"https:\/\/www.ilheusnoticias.net.br\/v1\/wp-json\/wp\/v2\/tags?post=15348"}],"curies":[{"name":"wp","href":"https:\/\/api.w.org\/{rel}","templated":true}]}}