{"id":15308,"date":"2018-06-18T10:36:15","date_gmt":"2018-06-18T13:36:15","guid":{"rendered":"http:\/\/www.ilheusnoticias.net.br\/v1\/?p=15308"},"modified":"2018-06-18T10:36:15","modified_gmt":"2018-06-18T13:36:15","slug":"acidente-mata-duas-jovens-apos-festa-junina-na-regiao-de-irece","status":"publish","type":"post","link":"https:\/\/www.ilheusnoticias.net.br\/v1\/2018\/06\/18\/acidente-mata-duas-jovens-apos-festa-junina-na-regiao-de-irece\/","title":{"rendered":"Acidente mata duas jovens ap\u00f3s festa junina na regi\u00e3o de Irec\u00ea"},"content":{"rendered":"<h3 class=\"post-title entry-title\"><\/h3>\n<div id=\"post-body-3613529488053999246\" class=\"post-body entry-content\">\n<div class=\"separator\"><a href=\"https:\/\/3.bp.blogspot.com\/-uptCCNztsIs\/WyeWK0qsHWI\/AAAAAAAALEI\/K0YfSADjfEM11DmH0ZbVv9VGfAf8m0hmwCEwYBhgL\/s1600\/vitimas%2Bacidente.jpg\"><img loading=\"lazy\" src=\"https:\/\/3.bp.blogspot.com\/-uptCCNztsIs\/WyeWK0qsHWI\/AAAAAAAALEI\/K0YfSADjfEM11DmH0ZbVv9VGfAf8m0hmwCEwYBhgL\/s640\/vitimas%2Bacidente.jpg\" alt=\"\" width=\"640\" height=\"416\" border=\"0\" data-original-height=\"326\" data-original-width=\"500\" \/><\/a><\/div>\n<div>Um acidente matou duas pessoas e deixou outras duas feridas numa estrada vicinal que liga a comunidade de Belo Campo ao munic\u00edpio de Lap\u00e3o, na regi\u00e3o de Irec\u00ea. Segundo as primeiras informa\u00e7\u00f5es, uma Toyota Hilux de cor preta, placa DUG -8590, de Irec\u00ea, capotou v\u00e1rias vezes na madrugada de ontem (17).<\/div>\n<div><\/div>\n<div>Duas mulheres de prenomes Ja\u00edne e Jaqueline morreram no acidente. Os outros ocupantes do ve\u00edculo \u2013 dois rapazes e outra mulher que n\u00e3o tiveram identidades reveladas \u2013 foram socorridos por uma equipe do Servi\u00e7o de Atendimento M\u00f3vel de Urg\u00eancia (Samu) para o Hospital Regional de Irec\u00ea. A unidade n\u00e3o informou o estado de sa\u00fade deles.<\/div>\n<\/div>\n<div><\/div>\n<p><!--more--><\/p>\n<div id=\"post-body-3613529488053999246\" class=\"post-body entry-content\">\n<div><\/div>\n<div>De acordo com a pol\u00edcia, as v\u00edtimas seguiam sentido Irec\u00ea, ap\u00f3s participarem de um festejo junino que est\u00e1 acontecendo em Belo Campo, localidade que pertence a Am\u00e9rica Dourada e Lap\u00e3o.<\/div>\n<div><\/div>\n<div>Os copos das v\u00edtimas foram encaminhados para o Instituto M\u00e9dico Legal de Irec\u00ea. As causas do acidente ainda s\u00e3o desconhecidas. (Com informa\u00e7\u00f5es da Central de Not\u00edcias)<\/div>\n<div class=\"separator\"><a href=\"https:\/\/1.bp.blogspot.com\/-LMyRDOGozxs\/WyeWTye8BkI\/AAAAAAAALEM\/ES6hNqt7CZkXqobZQORUksPTvs7RAkb4wCEwYBhgL\/s1600\/acidebte.jpg\"><img loading=\"lazy\" src=\"https:\/\/1.bp.blogspot.com\/-LMyRDOGozxs\/WyeWTye8BkI\/AAAAAAAALEM\/ES6hNqt7CZkXqobZQORUksPTvs7RAkb4wCEwYBhgL\/s640\/acidebte.jpg\" alt=\"\" width=\"640\" height=\"400\" border=\"0\" data-original-height=\"313\" data-original-width=\"500\" \/><\/a><\/div>\n<\/div>\n","protected":false},"excerpt":{"rendered":"<p>Um acidente matou duas pessoas e deixou outras duas feridas numa estrada vicinal que liga a comunidade de Belo Campo ao munic\u00edpio de Lap\u00e3o, na regi\u00e3o de Irec\u00ea. Segundo as primeiras informa\u00e7\u00f5es, uma Toyota Hilux de cor preta, placa DUG -8590, de Irec\u00ea, capotou v\u00e1rias vezes na madrugada de ontem (17). Duas mulheres de prenomes [&hellip;]<\/p>\n","protected":false},"author":2,"featured_media":0,"comment_status":"open","ping_status":"open","sticky":false,"template":"","format":"standard","meta":{"_links_to":"","_links_to_target":""},"categories":[7,9,8,1],"tags":[],"_links":{"self":[{"href":"https:\/\/www.ilheusnoticias.net.br\/v1\/wp-json\/wp\/v2\/posts\/15308"}],"collection":[{"href":"https:\/\/www.ilheusnoticias.net.br\/v1\/wp-json\/wp\/v2\/posts"}],"about":[{"href":"https:\/\/www.ilheusnoticias.net.br\/v1\/wp-json\/wp\/v2\/types\/post"}],"author":[{"embeddable":true,"href":"https:\/\/www.ilheusnoticias.net.br\/v1\/wp-json\/wp\/v2\/users\/2"}],"replies":[{"embeddable":true,"href":"https:\/\/www.ilheusnoticias.net.br\/v1\/wp-json\/wp\/v2\/comments?post=15308"}],"version-history":[{"count":1,"href":"https:\/\/www.ilheusnoticias.net.br\/v1\/wp-json\/wp\/v2\/posts\/15308\/revisions"}],"predecessor-version":[{"id":15309,"href":"https:\/\/www.ilheusnoticias.net.br\/v1\/wp-json\/wp\/v2\/posts\/15308\/revisions\/15309"}],"wp:attachment":[{"href":"https:\/\/www.ilheusnoticias.net.br\/v1\/wp-json\/wp\/v2\/media?parent=15308"}],"wp:term":[{"taxonomy":"category","embeddable":true,"href":"https:\/\/www.ilheusnoticias.net.br\/v1\/wp-json\/wp\/v2\/categories?post=15308"},{"taxonomy":"post_tag","embeddable":true,"href":"https:\/\/www.ilheusnoticias.net.br\/v1\/wp-json\/wp\/v2\/tags?post=15308"}],"curies":[{"name":"wp","href":"https:\/\/api.w.org\/{rel}","templated":true}]}}