{"id":15296,"date":"2018-06-18T10:22:54","date_gmt":"2018-06-18T13:22:54","guid":{"rendered":"http:\/\/www.ilheusnoticias.net.br\/v1\/?p=15296"},"modified":"2018-06-18T10:22:54","modified_gmt":"2018-06-18T13:22:54","slug":"paulo-carqueija-solicita-que-prefeitura-troque-as-arvores-do-canteiro-central-da-av-soares-lopes","status":"publish","type":"post","link":"https:\/\/www.ilheusnoticias.net.br\/v1\/2018\/06\/18\/paulo-carqueija-solicita-que-prefeitura-troque-as-arvores-do-canteiro-central-da-av-soares-lopes\/","title":{"rendered":"Paulo Carqueija solicita que Prefeitura troque as \u00e1rvores do canteiro central da Av. Soares Lopes"},"content":{"rendered":"<p><a href=\"http:\/\/www.ilheusnoticias.net.br\/v1\/wp-content\/uploads\/2018\/06\/avenida-soares-lopes.jpg\" rel=\"attachment wp-att-15297\"><img loading=\"lazy\" class=\"aligncenter  wp-image-15297\" src=\"http:\/\/www.ilheusnoticias.net.br\/v1\/wp-content\/uploads\/2018\/06\/avenida-soares-lopes.jpg\" alt=\"avenida soares lopes\" width=\"364\" height=\"364\" srcset=\"https:\/\/www.ilheusnoticias.net.br\/v1\/wp-content\/uploads\/2018\/06\/avenida-soares-lopes.jpg 500w, https:\/\/www.ilheusnoticias.net.br\/v1\/wp-content\/uploads\/2018\/06\/avenida-soares-lopes-150x150.jpg 150w, https:\/\/www.ilheusnoticias.net.br\/v1\/wp-content\/uploads\/2018\/06\/avenida-soares-lopes-300x300.jpg 300w\" sizes=\"(max-width: 364px) 100vw, 364px\" \/><\/a><\/p>\n<p>O vereador Paulo Carqueija (PSD), por meio de uma indica\u00e7\u00e3o ao Poder Executivo, solicitou a substitui\u00e7\u00e3o das amendoeiras velhas, doentes e cheias de parasitas do canteiro central da Av. Soares Lopes.<\/p>\n<p>Segundo Carqueija, a amendoeira \u00e9 considerada uma das piores esp\u00e9cies para a arboriza\u00e7\u00e3o urbana, pois seus frutos contribuem para entupimento de bueiros, al\u00e9m do mais, quando atingem uma idade mais avan\u00e7ada costumam levantar a pavimenta\u00e7\u00e3o da cal\u00e7ada e, em muitos casos, do pr\u00f3prio asfalto, dificultando a passagem de pedestres e carros.<\/p>\n<p><!--more--><\/p>\n<p>Para Carqueija, as \u00e1rvores enriquecessem a paisagem urbana, e a substitui\u00e7\u00e3o por uma esp\u00e9cie menos agressiva pode diminuir custos ao munic\u00edpio. \u201cA Avenida Soares Lopes vem sofrendo com inunda\u00e7\u00f5es das vias, devido principalmente, aos frutos da amendoeiras que entopem os bueiros\u201d, salientou o vereador no plen\u00e1rio da C\u00e2mara de Vereadores.<\/p>\n","protected":false},"excerpt":{"rendered":"<p>O vereador Paulo Carqueija (PSD), por meio de uma indica\u00e7\u00e3o ao Poder Executivo, solicitou a substitui\u00e7\u00e3o das amendoeiras velhas, doentes e cheias de parasitas do canteiro central da Av. Soares Lopes. Segundo Carqueija, a amendoeira \u00e9 considerada uma das piores esp\u00e9cies para a arboriza\u00e7\u00e3o urbana, pois seus frutos contribuem para entupimento de bueiros, al\u00e9m do [&hellip;]<\/p>\n","protected":false},"author":2,"featured_media":0,"comment_status":"open","ping_status":"open","sticky":false,"template":"","format":"standard","meta":{"_links_to":"","_links_to_target":""},"categories":[7,9,8,1],"tags":[],"_links":{"self":[{"href":"https:\/\/www.ilheusnoticias.net.br\/v1\/wp-json\/wp\/v2\/posts\/15296"}],"collection":[{"href":"https:\/\/www.ilheusnoticias.net.br\/v1\/wp-json\/wp\/v2\/posts"}],"about":[{"href":"https:\/\/www.ilheusnoticias.net.br\/v1\/wp-json\/wp\/v2\/types\/post"}],"author":[{"embeddable":true,"href":"https:\/\/www.ilheusnoticias.net.br\/v1\/wp-json\/wp\/v2\/users\/2"}],"replies":[{"embeddable":true,"href":"https:\/\/www.ilheusnoticias.net.br\/v1\/wp-json\/wp\/v2\/comments?post=15296"}],"version-history":[{"count":1,"href":"https:\/\/www.ilheusnoticias.net.br\/v1\/wp-json\/wp\/v2\/posts\/15296\/revisions"}],"predecessor-version":[{"id":15298,"href":"https:\/\/www.ilheusnoticias.net.br\/v1\/wp-json\/wp\/v2\/posts\/15296\/revisions\/15298"}],"wp:attachment":[{"href":"https:\/\/www.ilheusnoticias.net.br\/v1\/wp-json\/wp\/v2\/media?parent=15296"}],"wp:term":[{"taxonomy":"category","embeddable":true,"href":"https:\/\/www.ilheusnoticias.net.br\/v1\/wp-json\/wp\/v2\/categories?post=15296"},{"taxonomy":"post_tag","embeddable":true,"href":"https:\/\/www.ilheusnoticias.net.br\/v1\/wp-json\/wp\/v2\/tags?post=15296"}],"curies":[{"name":"wp","href":"https:\/\/api.w.org\/{rel}","templated":true}]}}