{"id":15274,"date":"2018-06-17T07:31:01","date_gmt":"2018-06-17T10:31:01","guid":{"rendered":"http:\/\/www.ilheusnoticias.net.br\/v1\/?p=15274"},"modified":"2018-06-17T07:31:01","modified_gmt":"2018-06-17T10:31:01","slug":"sai-nomeacao-de-rodrigues-para-chefia-da-ciretranilheus","status":"publish","type":"post","link":"https:\/\/www.ilheusnoticias.net.br\/v1\/2018\/06\/17\/sai-nomeacao-de-rodrigues-para-chefia-da-ciretranilheus\/","title":{"rendered":"Sai nomea\u00e7\u00e3o de Rodrigues para chefia da Ciretran\/Ilh\u00e9us"},"content":{"rendered":"<h2 class=\"PostHeaderIcon-wrapper\"><\/h2>\n<div class=\"PostContent\">\n<div id=\"attachment_78409\" class=\"wp-caption aligncenter\"><a class=\"gallery_colorbox cboxElement\" href=\"http:\/\/www.agravo.blog.br\/wp-content\/uploads\/2018\/05\/WhatsApp-Image-2018-05-21-at-17.20.31.jpeg\"><img loading=\"lazy\" class=\" wp-image-78409\" src=\"http:\/\/www.agravo.blog.br\/wp-content\/uploads\/2018\/05\/WhatsApp-Image-2018-05-21-at-17.20.31.jpeg\" sizes=\"(max-width: 310px) 100vw, 310px\" srcset=\"http:\/\/www.agravo.blog.br\/wp-content\/uploads\/2018\/05\/WhatsApp-Image-2018-05-21-at-17.20.31.jpeg 720w, http:\/\/www.agravo.blog.br\/wp-content\/uploads\/2018\/05\/WhatsApp-Image-2018-05-21-at-17.20.31-150x150.jpeg 150w, http:\/\/www.agravo.blog.br\/wp-content\/uploads\/2018\/05\/WhatsApp-Image-2018-05-21-at-17.20.31-300x300.jpeg 300w\" alt=\"\" width=\"310\" height=\"309\" \/><\/a><\/p>\n<p class=\"wp-caption-text\"><strong>Rodrigues vai ocupar o lugar deixado pelo Tenente Coronel Valci Serpa, que pediu exonera\u00e7\u00e3o em mar\u00e7o.<\/strong><\/p>\n<\/div>\n<p>Foi publicada na ultima\u00a0 sexta-feira (15) no Di\u00e1rio Oficial do estado, a nomea\u00e7\u00e3o de Jos\u00e9 Rodrigues Nascimento Filho, conhecido popularmente como Dr. Rodrigues \u201cSarara\u201d como coordenador da 13\u00aa Ciretran\/ Ilh\u00e9us.<\/p>\n<p>Dr. Rodrigues foi candidato a vereador, e \u00e9 o primeiro suplente do MDB no legislativo ilheense.<\/p>\n<p>A indica\u00e7\u00e3o de Rodrigues foi feita pela deputada estadual \u00c2ngela Sousa (PSD) junto ao governo do estado.<\/p>\n<\/div>\n","protected":false},"excerpt":{"rendered":"<p>Rodrigues vai ocupar o lugar deixado pelo Tenente Coronel Valci Serpa, que pediu exonera\u00e7\u00e3o em mar\u00e7o. Foi publicada na ultima\u00a0 sexta-feira (15) no Di\u00e1rio Oficial do estado, a nomea\u00e7\u00e3o de Jos\u00e9 Rodrigues Nascimento Filho, conhecido popularmente como Dr. Rodrigues \u201cSarara\u201d como coordenador da 13\u00aa Ciretran\/ Ilh\u00e9us. Dr. Rodrigues foi candidato a vereador, e \u00e9 o [&hellip;]<\/p>\n","protected":false},"author":2,"featured_media":0,"comment_status":"open","ping_status":"open","sticky":false,"template":"","format":"standard","meta":{"_links_to":"","_links_to_target":""},"categories":[7,9,8,1,5],"tags":[],"_links":{"self":[{"href":"https:\/\/www.ilheusnoticias.net.br\/v1\/wp-json\/wp\/v2\/posts\/15274"}],"collection":[{"href":"https:\/\/www.ilheusnoticias.net.br\/v1\/wp-json\/wp\/v2\/posts"}],"about":[{"href":"https:\/\/www.ilheusnoticias.net.br\/v1\/wp-json\/wp\/v2\/types\/post"}],"author":[{"embeddable":true,"href":"https:\/\/www.ilheusnoticias.net.br\/v1\/wp-json\/wp\/v2\/users\/2"}],"replies":[{"embeddable":true,"href":"https:\/\/www.ilheusnoticias.net.br\/v1\/wp-json\/wp\/v2\/comments?post=15274"}],"version-history":[{"count":1,"href":"https:\/\/www.ilheusnoticias.net.br\/v1\/wp-json\/wp\/v2\/posts\/15274\/revisions"}],"predecessor-version":[{"id":15275,"href":"https:\/\/www.ilheusnoticias.net.br\/v1\/wp-json\/wp\/v2\/posts\/15274\/revisions\/15275"}],"wp:attachment":[{"href":"https:\/\/www.ilheusnoticias.net.br\/v1\/wp-json\/wp\/v2\/media?parent=15274"}],"wp:term":[{"taxonomy":"category","embeddable":true,"href":"https:\/\/www.ilheusnoticias.net.br\/v1\/wp-json\/wp\/v2\/categories?post=15274"},{"taxonomy":"post_tag","embeddable":true,"href":"https:\/\/www.ilheusnoticias.net.br\/v1\/wp-json\/wp\/v2\/tags?post=15274"}],"curies":[{"name":"wp","href":"https:\/\/api.w.org\/{rel}","templated":true}]}}