{"id":15272,"date":"2018-06-17T07:29:16","date_gmt":"2018-06-17T10:29:16","guid":{"rendered":"http:\/\/www.ilheusnoticias.net.br\/v1\/?p=15272"},"modified":"2018-06-17T07:29:16","modified_gmt":"2018-06-17T10:29:16","slug":"sao-joao-pm-prf-e-detran-lancam-operacao-conjunta","status":"publish","type":"post","link":"https:\/\/www.ilheusnoticias.net.br\/v1\/2018\/06\/17\/sao-joao-pm-prf-e-detran-lancam-operacao-conjunta\/","title":{"rendered":"S\u00c3O JO\u00c3O: PM, PRF E DETRAN LAN\u00c7AM OPERA\u00c7\u00c3O CONJUNTA"},"content":{"rendered":"<header>\n<p class=\"article-title\">\n<div class=\"capa\"><span class=\"box box-12 capa-video\"><a title=\"S\u00c3O JO\u00c3O: PM, PRF E DETRAN LAN\u00c7AM OPERA\u00c7\u00c3O CONJUNTA\" href=\"http:\/\/www.otabuleiro.com.br\/artigo\/sao-joao-pm-prf-e-detran-lancam-operacao-conjunta\"><img title=\"S\u00c3O JO\u00c3O: PM, PRF E DETRAN LAN\u00c7AM OPERA\u00c7\u00c3O CONJUNTA\" src=\"http:\/\/www.otabuleiro.com.br\/uploads\/images\/2018\/06\/sao-joao-pm-prf-e-detran-lancam-operacao-conjunta.jpeg\" alt=\"S\u00c3O JO\u00c3O: PM, PRF E DETRAN LAN\u00c7AM OPERA\u00c7\u00c3O CONJUNTA\" \/><\/a><\/span><\/div>\n<\/header>\n<p>A Opera\u00e7\u00e3o S\u00e3o Jo\u00e3o 2018, uma a\u00e7\u00e3o conjunta entre a Pol\u00edcia Rodovi\u00e1ria Federal (PRF), o Departamento de Tr\u00e2nsito do Estado da Bahia (Detran-BA), a Pol\u00edcia Militar (PM) e a Pol\u00edcia Civil, foi lan\u00e7ada ontem (16). Participam tamb\u00e9m da a\u00e7\u00e3o secretarias estaduais e \u00f3rg\u00e3os de tr\u00e2nsito municipais.<\/p>\n<p>Segundo a PRF, as a\u00e7\u00f5es t\u00eam o objetivo de fiscalizar condutores e ve\u00edculos e combater a criminalidade durante os festejos juninos.<\/p>\n<p><!--more--><\/p>\n<p>Na ocasi\u00e3o, foram tra\u00e7ados alinhamentos entre as instiui\u00e7\u00f5es para uma maior efetividade nas a\u00e7\u00f5es atrav\u00e9s de compartilhamento de dados de pontos cr\u00edticos dentre outras medidas estrat\u00e9gicas.<\/p>\n<p>A PRF vai refor\u00e7ar o efetivo nas a\u00e7\u00f5es de policiamento e fiscaliza\u00e7\u00e3o com foco na preven\u00e7\u00e3o e redu\u00e7\u00e3o dos acidentes de tr\u00e2nsito, bem como aumentar a percep\u00e7\u00e3o de seguran\u00e7a nas rodovias federais na Bahia, ao longo dos festejos juninos.<\/p>\n<p>&nbsp;<\/p>\n","protected":false},"excerpt":{"rendered":"<p>A Opera\u00e7\u00e3o S\u00e3o Jo\u00e3o 2018, uma a\u00e7\u00e3o conjunta entre a Pol\u00edcia Rodovi\u00e1ria Federal (PRF), o Departamento de Tr\u00e2nsito do Estado da Bahia (Detran-BA), a Pol\u00edcia Militar (PM) e a Pol\u00edcia Civil, foi lan\u00e7ada ontem (16). Participam tamb\u00e9m da a\u00e7\u00e3o secretarias estaduais e \u00f3rg\u00e3os de tr\u00e2nsito municipais. Segundo a PRF, as a\u00e7\u00f5es t\u00eam o objetivo de [&hellip;]<\/p>\n","protected":false},"author":2,"featured_media":0,"comment_status":"open","ping_status":"open","sticky":false,"template":"","format":"standard","meta":{"_links_to":"","_links_to_target":""},"categories":[7,9,8,1],"tags":[],"_links":{"self":[{"href":"https:\/\/www.ilheusnoticias.net.br\/v1\/wp-json\/wp\/v2\/posts\/15272"}],"collection":[{"href":"https:\/\/www.ilheusnoticias.net.br\/v1\/wp-json\/wp\/v2\/posts"}],"about":[{"href":"https:\/\/www.ilheusnoticias.net.br\/v1\/wp-json\/wp\/v2\/types\/post"}],"author":[{"embeddable":true,"href":"https:\/\/www.ilheusnoticias.net.br\/v1\/wp-json\/wp\/v2\/users\/2"}],"replies":[{"embeddable":true,"href":"https:\/\/www.ilheusnoticias.net.br\/v1\/wp-json\/wp\/v2\/comments?post=15272"}],"version-history":[{"count":1,"href":"https:\/\/www.ilheusnoticias.net.br\/v1\/wp-json\/wp\/v2\/posts\/15272\/revisions"}],"predecessor-version":[{"id":15273,"href":"https:\/\/www.ilheusnoticias.net.br\/v1\/wp-json\/wp\/v2\/posts\/15272\/revisions\/15273"}],"wp:attachment":[{"href":"https:\/\/www.ilheusnoticias.net.br\/v1\/wp-json\/wp\/v2\/media?parent=15272"}],"wp:term":[{"taxonomy":"category","embeddable":true,"href":"https:\/\/www.ilheusnoticias.net.br\/v1\/wp-json\/wp\/v2\/categories?post=15272"},{"taxonomy":"post_tag","embeddable":true,"href":"https:\/\/www.ilheusnoticias.net.br\/v1\/wp-json\/wp\/v2\/tags?post=15272"}],"curies":[{"name":"wp","href":"https:\/\/api.w.org\/{rel}","templated":true}]}}