{"id":15214,"date":"2018-06-14T07:35:27","date_gmt":"2018-06-14T10:35:27","guid":{"rendered":"http:\/\/www.ilheusnoticias.net.br\/v1\/?p=15214"},"modified":"2018-06-14T07:35:27","modified_gmt":"2018-06-14T10:35:27","slug":"dia-do-gari-coleta-sera-suspensa-em-ilheus-neste-sabado","status":"publish","type":"post","link":"https:\/\/www.ilheusnoticias.net.br\/v1\/2018\/06\/14\/dia-do-gari-coleta-sera-suspensa-em-ilheus-neste-sabado\/","title":{"rendered":"DIA DO GARI: COLETA SER\u00c1 SUSPENSA EM ILH\u00c9US NESTE S\u00c1BADO"},"content":{"rendered":"<header>\n<p class=\"article-title\">\n<div class=\"capa\"><span class=\"box box-12 capa-video\"><a title=\"DIA DO GARI: COLETA SER\u00c1 SUSPENSA EM ILH\u00c9US NESTE S\u00c1BADO\" href=\"http:\/\/www.otabuleiro.com.br\/artigo\/dia-do-gari-coleta-sera-suspensa-em-ilheus-neste-sabado\"><img title=\"DIA DO GARI: COLETA SER\u00c1 SUSPENSA EM ILH\u00c9US NESTE S\u00c1BADO\" src=\"http:\/\/www.otabuleiro.com.br\/uploads\/images\/2018\/06\/dia-do-gari-coleta-sera-suspensa-em-ilheus-neste-sabado.jpg\" alt=\"DIA DO GARI: COLETA SER\u00c1 SUSPENSA EM ILH\u00c9US NESTE S\u00c1BADO\" \/><\/a><\/span><\/div>\n<ul class=\"info\">\n<li class=\"date\"><time>13 JUN 2018<\/time><\/li>\n<li class=\"category-label\">ILH\u00c9US<\/li>\n<\/ul>\n<\/header>\n<p>Em virtude das comemora\u00e7\u00f5es do dia do gari s\u00e1bado (16) a coleta de lixo em Ilh\u00e9us ser\u00e1 suspensa e retornar\u00e1 na segunda-feira (18).<\/p>\n<p>A empresa Solar Ambiental, respons\u00e1vel pelo recolhimento dos res\u00edduos s\u00f3lidos, solicita \u00e0 popula\u00e7\u00e3o que n\u00e3o descarte seus res\u00edduos durante o per\u00edodo de suspens\u00e3o.<\/p>\n<p>&nbsp;<\/p>\n","protected":false},"excerpt":{"rendered":"<p>13 JUN 2018 ILH\u00c9US Em virtude das comemora\u00e7\u00f5es do dia do gari s\u00e1bado (16) a coleta de lixo em Ilh\u00e9us ser\u00e1 suspensa e retornar\u00e1 na segunda-feira (18). A empresa Solar Ambiental, respons\u00e1vel pelo recolhimento dos res\u00edduos s\u00f3lidos, solicita \u00e0 popula\u00e7\u00e3o que n\u00e3o descarte seus res\u00edduos durante o per\u00edodo de suspens\u00e3o. &nbsp;<\/p>\n","protected":false},"author":2,"featured_media":0,"comment_status":"open","ping_status":"open","sticky":false,"template":"","format":"standard","meta":{"_links_to":"","_links_to_target":""},"categories":[7,9,8,1],"tags":[],"_links":{"self":[{"href":"https:\/\/www.ilheusnoticias.net.br\/v1\/wp-json\/wp\/v2\/posts\/15214"}],"collection":[{"href":"https:\/\/www.ilheusnoticias.net.br\/v1\/wp-json\/wp\/v2\/posts"}],"about":[{"href":"https:\/\/www.ilheusnoticias.net.br\/v1\/wp-json\/wp\/v2\/types\/post"}],"author":[{"embeddable":true,"href":"https:\/\/www.ilheusnoticias.net.br\/v1\/wp-json\/wp\/v2\/users\/2"}],"replies":[{"embeddable":true,"href":"https:\/\/www.ilheusnoticias.net.br\/v1\/wp-json\/wp\/v2\/comments?post=15214"}],"version-history":[{"count":1,"href":"https:\/\/www.ilheusnoticias.net.br\/v1\/wp-json\/wp\/v2\/posts\/15214\/revisions"}],"predecessor-version":[{"id":15215,"href":"https:\/\/www.ilheusnoticias.net.br\/v1\/wp-json\/wp\/v2\/posts\/15214\/revisions\/15215"}],"wp:attachment":[{"href":"https:\/\/www.ilheusnoticias.net.br\/v1\/wp-json\/wp\/v2\/media?parent=15214"}],"wp:term":[{"taxonomy":"category","embeddable":true,"href":"https:\/\/www.ilheusnoticias.net.br\/v1\/wp-json\/wp\/v2\/categories?post=15214"},{"taxonomy":"post_tag","embeddable":true,"href":"https:\/\/www.ilheusnoticias.net.br\/v1\/wp-json\/wp\/v2\/tags?post=15214"}],"curies":[{"name":"wp","href":"https:\/\/api.w.org\/{rel}","templated":true}]}}