{"id":15210,"date":"2018-06-14T07:30:51","date_gmt":"2018-06-14T10:30:51","guid":{"rendered":"http:\/\/www.ilheusnoticias.net.br\/v1\/?p=15210"},"modified":"2018-06-14T07:30:51","modified_gmt":"2018-06-14T10:30:51","slug":"rui-entregas-obras-na-bahia-e-diz-trabalhar-com-coracao","status":"publish","type":"post","link":"https:\/\/www.ilheusnoticias.net.br\/v1\/2018\/06\/14\/rui-entregas-obras-na-bahia-e-diz-trabalhar-com-coracao\/","title":{"rendered":"Rui entregas obras na Bahia e diz trabalhar com cora\u00e7\u00e3o"},"content":{"rendered":"<div align=\"center\"><img loading=\"lazy\" class=\"\" src=\"https:\/\/attachment.outlook.live.net\/owa\/laudiceacarvalho62@hotmail.com\/service.svc\/s\/GetAttachmentThumbnail?id=AQMkADAwATYwMAItY2MANTgtODQxNC0wMAItMDAKAEYAAANqOYr2uMN4Qoz6pFp%2FhFoeBwAsxvM0hWqyT6EfSeQ8%2BPgA8AAAAgEMAAAALMbzNIVqsk%2BhH0nkPPj4APAAAbgoIw8AAAABEgAQAJ9DddyHvz1Ov%2BI4BTATniQ%3D&amp;thumbnailType=2&amp;X-OWA-CANARY=3KvT2O1YEkek3WuslGn8hABJBnfh0dUYxhnWDQkDPVVzet3WPIQs_wbG0KxrdAE9v2WXDNZOrT0.&amp;token=eyJhbGciOiJSUzI1NiIsImtpZCI6IjA2MDBGOUY2NzQ2MjA3MzdFNzM0MDRFMjg3QzQ1QTgxOENCN0NFQjgiLCJ4NXQiOiJCZ0Q1OW5SaUJ6Zm5OQVRpaDhSYWdZeTN6cmciLCJ0eXAiOiJKV1QifQ.eyJ2ZXIiOiJFeGNoYW5nZS5DYWxsYmFjay5WMSIsImFwcGN0eHNlbmRlciI6Ik93YURvd25sb2FkQDg0ZGY5ZTdmLWU5ZjYtNDBhZi1iNDM1LWFhYWFhYWFhYWFhYSIsImFwcGN0eCI6IntcIm1zZXhjaHByb3RcIjpcIm93YVwiLFwicHJpbWFyeXNpZFwiOlwiUy0xLTI4MjctMzkzMjE2LTM0MjgzNTMwNDRcIixcInB1aWRcIjpcIjE2ODg4NTMyODg2MTY5ODBcIixcIm9pZFwiOlwiMDAwNjAwMDAtY2M1OC04NDE0LTAwMDAtMDAwMDAwMDAwMDAwXCIsXCJzY29wZVwiOlwiT3dhRG93bmxvYWRcIn0iLCJuYmYiOjE1Mjg5NzE4MDEsImV4cCI6MTUyODk3MjQwMSwiaXNzIjoiMDAwMDAwMDItMDAwMC0wZmYxLWNlMDAtMDAwMDAwMDAwMDAwQDg0ZGY5ZTdmLWU5ZjYtNDBhZi1iNDM1LWFhYWFhYWFhYWFhYSIsImF1ZCI6IjAwMDAwMDAyLTAwMDAtMGZmMS1jZTAwLTAwMDAwMDAwMDAwMC9hdHRhY2htZW50Lm91dGxvb2subGl2ZS5uZXRAODRkZjllN2YtZTlmNi00MGFmLWI0MzUtYWFhYWFhYWFhYWFhIn0.FBEaIRjpDGLKoM6Ohh8ApMd1YVXybSdNQ3N7tNcY00CfPIH5hbyNeMrLGDW8fZJyvKK7qJ-dC_0l9XmKc-DyQPjjzxxAS5ftMeyIlu7ZFWPAxWjUpN92LNyxi12PB2YjCen7DJrt5_nMKKBu1kM2mWKM9U15XgKFv_k1Z0n4-zagPC1FB_1a7f3WAfPv-ODVYcQN2qdHM_0RURoQvy-0ZZNB4n_OLJXf6cR8i4r_dHlkaM6x3WNoBUR1uDSXCOrKkU24ZoqQlu3egSja_sRGqe64PO4uyK1wCbK-GluVpX3sADHz3AZrGJBJQFYzKyvX63Bi4wpJbbOAXrYrsOzkvw&amp;owa=outlook.live.com&amp;isc=1\" alt=\"\" width=\"274\" height=\"239\" \/><\/div>\n<div align=\"center\"><\/div>\n<div>Com uma intensa agenda na capital e interior, o governador Rui Costa viaja nesta quinta-feira (14) para o munic\u00edpio de Senhor do Bonfim, onde d\u00e1 ordem de servi\u00e7o para a constru\u00e7\u00e3o de mais uma policl\u00ednica regional. Na sexta-feira (14), Rui inaugura a s\u00e9tima policl\u00ednica, desta vez em Santo Antonio de Jesus. A oitava ser\u00e1 em Valen\u00e7a, no pr\u00f3ximo dia 29. Ao todo, v\u00e3o ser 18 policl\u00ednicas entregues ou em constru\u00e7\u00e3o at\u00e9 dezembro.<\/p>\n<p>Na correria do governador, est\u00e3o previstas a inaugura\u00e7\u00e3o do novo Hospital Couto Maia, da nova Sala de Coro do Teatro Castro Alves (TCA), a reforma do Centro de Cultura de Vit\u00f3ria da Conquista, a barragem do Rio Col\u00f4nia, em Itap\u00e9, al\u00e9m da Via Metropolitana, que beneficia Salvador, Sim\u00f5es Filho, Lauro de Freitas, Cama\u00e7ari e munic\u00edpios vizinhos.<\/p>\n<p>\u201cEu estou governador do Estado e, nessa condi\u00e7\u00e3o, procuro trabalhar com o cora\u00e7\u00e3o. Nesse cargo, \u00e9 preciso responsabilidade com cada centavo p\u00fablico. Se hoje a Bahia \u00e9 exemplo nacional com investimentos e contas em dias, \u00e9 fruto de um trabalho muito s\u00e9rio de toda uma equipe e apoio dos poderes p\u00fablicos constitu\u00eddos\u201d, afirmou Rui, destacando que \u201ccom humildade, nada resiste ao trabalho\u201d.<\/p><\/div>\n","protected":false},"excerpt":{"rendered":"<p>Com uma intensa agenda na capital e interior, o governador Rui Costa viaja nesta quinta-feira (14) para o munic\u00edpio de Senhor do Bonfim, onde d\u00e1 ordem de servi\u00e7o para a constru\u00e7\u00e3o de mais uma policl\u00ednica regional. Na sexta-feira (14), Rui inaugura a s\u00e9tima policl\u00ednica, desta vez em Santo Antonio de Jesus. A oitava ser\u00e1 em [&hellip;]<\/p>\n","protected":false},"author":2,"featured_media":0,"comment_status":"open","ping_status":"open","sticky":false,"template":"","format":"standard","meta":{"_links_to":"","_links_to_target":""},"categories":[7,9,8,1],"tags":[],"_links":{"self":[{"href":"https:\/\/www.ilheusnoticias.net.br\/v1\/wp-json\/wp\/v2\/posts\/15210"}],"collection":[{"href":"https:\/\/www.ilheusnoticias.net.br\/v1\/wp-json\/wp\/v2\/posts"}],"about":[{"href":"https:\/\/www.ilheusnoticias.net.br\/v1\/wp-json\/wp\/v2\/types\/post"}],"author":[{"embeddable":true,"href":"https:\/\/www.ilheusnoticias.net.br\/v1\/wp-json\/wp\/v2\/users\/2"}],"replies":[{"embeddable":true,"href":"https:\/\/www.ilheusnoticias.net.br\/v1\/wp-json\/wp\/v2\/comments?post=15210"}],"version-history":[{"count":1,"href":"https:\/\/www.ilheusnoticias.net.br\/v1\/wp-json\/wp\/v2\/posts\/15210\/revisions"}],"predecessor-version":[{"id":15211,"href":"https:\/\/www.ilheusnoticias.net.br\/v1\/wp-json\/wp\/v2\/posts\/15210\/revisions\/15211"}],"wp:attachment":[{"href":"https:\/\/www.ilheusnoticias.net.br\/v1\/wp-json\/wp\/v2\/media?parent=15210"}],"wp:term":[{"taxonomy":"category","embeddable":true,"href":"https:\/\/www.ilheusnoticias.net.br\/v1\/wp-json\/wp\/v2\/categories?post=15210"},{"taxonomy":"post_tag","embeddable":true,"href":"https:\/\/www.ilheusnoticias.net.br\/v1\/wp-json\/wp\/v2\/tags?post=15210"}],"curies":[{"name":"wp","href":"https:\/\/api.w.org\/{rel}","templated":true}]}}