{"id":15134,"date":"2018-06-10T08:04:09","date_gmt":"2018-06-10T11:04:09","guid":{"rendered":"http:\/\/www.ilheusnoticias.net.br\/v1\/?p=15134"},"modified":"2018-06-10T08:04:09","modified_gmt":"2018-06-10T11:04:09","slug":"operacao-da-prf-quer-reduzir-acidentes-durante-os-festejos-juninos-em-todo-o-pais","status":"publish","type":"post","link":"https:\/\/www.ilheusnoticias.net.br\/v1\/2018\/06\/10\/operacao-da-prf-quer-reduzir-acidentes-durante-os-festejos-juninos-em-todo-o-pais\/","title":{"rendered":"Opera\u00e7\u00e3o da PRF quer reduzir acidentes durante os festejos juninos em todo o pa\u00eds"},"content":{"rendered":"<h3 class=\"post-title entry-title\"><\/h3>\n<div id=\"post-body-256122729178835738\" class=\"post-body entry-content\">\n<div><b><i>Ser\u00e3o priorizadas a\u00e7\u00f5es preventivas para redu\u00e7\u00e3o da viol\u00eancia do tr\u00e2nsito e de acidentes, relacionados ao excesso de velocidade, \u00e0 alcoolemia ao volante e \u00e0s ultrapassagens proibidas<\/i><\/b><\/div>\n<div><\/div>\n<div class=\"separator\"><a href=\"https:\/\/4.bp.blogspot.com\/-6FopwXN1sLU\/Wxw7-QF_6PI\/AAAAAAAAKsI\/XqMvPcqU1RUkrvek1Zc0PHzXX3cEHWnvQCLcBGAs\/s1600\/PRF%2Bopera%25C3%25A7%25C3%25A3o%2Bjoao.jpeg\"><img loading=\"lazy\" src=\"https:\/\/4.bp.blogspot.com\/-6FopwXN1sLU\/Wxw7-QF_6PI\/AAAAAAAAKsI\/XqMvPcqU1RUkrvek1Zc0PHzXX3cEHWnvQCLcBGAs\/s640\/PRF%2Bopera%25C3%25A7%25C3%25A3o%2Bjoao.jpeg\" alt=\"\" width=\"640\" height=\"356\" border=\"0\" data-original-height=\"445\" data-original-width=\"800\" \/><\/a><\/div>\n<div>A Pol\u00edcia Rodovi\u00e1ria Federal (PRF) refor\u00e7ou o policiamento nas rodovias federais para os festejos juninos em todas as regi\u00f5es do pa\u00eds. Durante o m\u00eas de junho, policiais rodovi\u00e1rios federais concentrar\u00e3o a fiscaliza\u00e7\u00e3o em locais e hor\u00e1rios de maior incid\u00eancia de acidentes e crimes, de acordo com estat\u00edsticas do \u00f3rg\u00e3o.<\/div>\n<div><\/div>\n<div>Em junho, h\u00e1 um aumento relevante do fluxo de ve\u00edculos nas rodovias federais, principalmente no Nordeste do pa\u00eds, tendo em vista o seu aspecto cultural que atrai turistas de todo o Brasil. Para reduzir o n\u00famero de acidentes, a PRF refor\u00e7ar\u00e1 o policiamento com mais viaturas, motocicletas, aparelhos de etil\u00f4metro \u2013 tamb\u00e9m conhecido como baf\u00f4metro \u2013, al\u00e9m de mais radares port\u00e1teis.<\/div>\n<\/div>\n<div><\/div>\n<p><!--more--><\/p>\n<div id=\"post-body-256122729178835738\" class=\"post-body entry-content\">\n<div><\/div>\n<div>A PRF priorizar\u00e1 a\u00e7\u00f5es preventivas para redu\u00e7\u00e3o da viol\u00eancia do tr\u00e2nsito e de acidentes relacionados ao excesso de velocidade, \u00e0 alcoolemia ao volante, \u00e0s ultrapassagens proibidas e envolvendo motocicletas ou ciclomotores. O planejamento da Pol\u00edcia Rodovi\u00e1ria Federal faz parte de esfor\u00e7os de v\u00e1rios organismos nacionais e internacionais para a redu\u00e7\u00e3o da viol\u00eancia no tr\u00e2nsito.<\/div>\n<div><\/div>\n<div>A Organiza\u00e7\u00e3o das Na\u00e7\u00f5es Unidas (ONU) elegeu a d\u00e9cada 2011-2020 como aquela de A\u00e7\u00f5es pela Seguran\u00e7a no Tr\u00e2nsito, na qual os signat\u00e1rios se comprometeram a reduzir a viol\u00eancia no tr\u00e2nsito, ceifando as vidas de cerca de 1,3 milh\u00e3o de pessoas por ano. O Brasil, ao considerar n\u00fameros absolutos no in\u00edcio da d\u00e9cada estava entre os oito pa\u00edses com mais mortes no tr\u00e2nsito.<\/div>\n<\/div>\n","protected":false},"excerpt":{"rendered":"<p>Ser\u00e3o priorizadas a\u00e7\u00f5es preventivas para redu\u00e7\u00e3o da viol\u00eancia do tr\u00e2nsito e de acidentes, relacionados ao excesso de velocidade, \u00e0 alcoolemia ao volante e \u00e0s ultrapassagens proibidas A Pol\u00edcia Rodovi\u00e1ria Federal (PRF) refor\u00e7ou o policiamento nas rodovias federais para os festejos juninos em todas as regi\u00f5es do pa\u00eds. Durante o m\u00eas de junho, policiais rodovi\u00e1rios federais [&hellip;]<\/p>\n","protected":false},"author":2,"featured_media":0,"comment_status":"open","ping_status":"open","sticky":false,"template":"","format":"standard","meta":{"_links_to":"","_links_to_target":""},"categories":[7,9,8,1],"tags":[],"_links":{"self":[{"href":"https:\/\/www.ilheusnoticias.net.br\/v1\/wp-json\/wp\/v2\/posts\/15134"}],"collection":[{"href":"https:\/\/www.ilheusnoticias.net.br\/v1\/wp-json\/wp\/v2\/posts"}],"about":[{"href":"https:\/\/www.ilheusnoticias.net.br\/v1\/wp-json\/wp\/v2\/types\/post"}],"author":[{"embeddable":true,"href":"https:\/\/www.ilheusnoticias.net.br\/v1\/wp-json\/wp\/v2\/users\/2"}],"replies":[{"embeddable":true,"href":"https:\/\/www.ilheusnoticias.net.br\/v1\/wp-json\/wp\/v2\/comments?post=15134"}],"version-history":[{"count":1,"href":"https:\/\/www.ilheusnoticias.net.br\/v1\/wp-json\/wp\/v2\/posts\/15134\/revisions"}],"predecessor-version":[{"id":15135,"href":"https:\/\/www.ilheusnoticias.net.br\/v1\/wp-json\/wp\/v2\/posts\/15134\/revisions\/15135"}],"wp:attachment":[{"href":"https:\/\/www.ilheusnoticias.net.br\/v1\/wp-json\/wp\/v2\/media?parent=15134"}],"wp:term":[{"taxonomy":"category","embeddable":true,"href":"https:\/\/www.ilheusnoticias.net.br\/v1\/wp-json\/wp\/v2\/categories?post=15134"},{"taxonomy":"post_tag","embeddable":true,"href":"https:\/\/www.ilheusnoticias.net.br\/v1\/wp-json\/wp\/v2\/tags?post=15134"}],"curies":[{"name":"wp","href":"https:\/\/api.w.org\/{rel}","templated":true}]}}