{"id":15011,"date":"2018-06-05T11:29:36","date_gmt":"2018-06-05T14:29:36","guid":{"rendered":"http:\/\/www.ilheusnoticias.net.br\/v1\/?p=15011"},"modified":"2018-06-05T11:29:36","modified_gmt":"2018-06-05T14:29:36","slug":"reforma-do-posto-de-saude-do-hernani-sa-esta-quase-pronta","status":"publish","type":"post","link":"https:\/\/www.ilheusnoticias.net.br\/v1\/2018\/06\/05\/reforma-do-posto-de-saude-do-hernani-sa-esta-quase-pronta\/","title":{"rendered":"Reforma do Posto de Sa\u00fade do  Hernani S\u00e1 est\u00e1 quase pronta"},"content":{"rendered":"<p class=\"x_gmail-xgmail-msonospacing\" align=\"center\">\n<p class=\"x_gmail-xmsonormal\"><a href=\"http:\/\/www.ilheusnoticias.net.br\/v1\/wp-content\/uploads\/2018\/06\/posto-hernani-s\u00e1.jpg\" rel=\"attachment wp-att-15012\"><img loading=\"lazy\" class=\"aligncenter size-large wp-image-15012\" src=\"http:\/\/www.ilheusnoticias.net.br\/v1\/wp-content\/uploads\/2018\/06\/posto-hernani-s\u00e1-1024x576.jpg\" alt=\"posto hernani s\u00e1\" width=\"1024\" height=\"576\" srcset=\"https:\/\/www.ilheusnoticias.net.br\/v1\/wp-content\/uploads\/2018\/06\/posto-hernani-s\u00e1-1024x576.jpg 1024w, https:\/\/www.ilheusnoticias.net.br\/v1\/wp-content\/uploads\/2018\/06\/posto-hernani-s\u00e1-300x169.jpg 300w, https:\/\/www.ilheusnoticias.net.br\/v1\/wp-content\/uploads\/2018\/06\/posto-hernani-s\u00e1.jpg 1043w\" sizes=\"(max-width: 1024px) 100vw, 1024px\" \/><\/a><\/p>\n<p class=\"x_gmail-xmsonormal\">Sem condi\u00e7\u00f5es de funcionamento h\u00e1 anos, o Posto de Sa\u00fade do bairro Hernani S\u00e1 (Urbis), est\u00e1 na fase final de reforma e voltar\u00e1, em breve, a atender a popula\u00e7\u00e3o da zona sul. Enquanto os servi\u00e7os s\u00e3o conclu\u00eddos, o atendimento foi transferido para a sede da Associa\u00e7\u00e3o de Moradores do bairro.<\/p>\n<p class=\"x_gmail-xmsonormal\">De acordo com o cronograma de reforma, a unidade ser\u00e1 reinaugurada dentro das comemora\u00e7\u00f5es alusivas aos 484 anos de funda\u00e7\u00e3o e 137 anos de eleva\u00e7\u00e3o de Ilh\u00e9us \u00e0 categoria de cidade e contar\u00e1 com m\u00e9dicos e enfermeiros, oferecendo consultas, pr\u00e9-natal, vacina\u00e7\u00e3o, exames de preven\u00e7\u00e3o ao colo de \u00fatero e v\u00e1rias outras atividades, al\u00e9m de atender aos moradores do bairro e do entorno, a exemplo do Nossa Senhora da Vit\u00f3ria e Alto da Bela Vista.<\/p>\n<p class=\"x_gmail-xmsonormal\">O secret\u00e1rio municipal de Infraestrutura, Transporte e Tr\u00e2nsito (Seintra), \u00c1tila D\u00f3cio, informou que a estrutura j\u00e1 foi recuperada. \u201cNo bojo das obras, a constru\u00e7\u00e3o do muro externo, revis\u00f5es el\u00e9trica e do telhado, piso intertravado, portas, banheiros, assentamento de bancadas, forro, lumin\u00e1rias, pintura externa e interna. Resta agora a instala\u00e7\u00e3o dos condicionadores de ar e das esquadrias de alum\u00ednio para as janelas\u201d.<\/p>\n<p class=\"x_gmail-xmsonormal\">Segundo a secretaria municipal de Infraestrutura (Seintra), a a\u00e7\u00e3o faz parte do programa de recupera\u00e7\u00e3o de postos e unidades b\u00e1sicas de Sa\u00fade com recursos pr\u00f3prios e integram a lista dos dez postos que ser\u00e3o recuperados pela Prefeitura. Al\u00e9m do Posto do Hernani S\u00e1, tamb\u00e9m est\u00e1 em fase de conclus\u00e3o o Posto de Sa\u00fade do Bas\u00edlio.<\/p>\n<p>&nbsp;<\/p>\n","protected":false},"excerpt":{"rendered":"<p>Sem condi\u00e7\u00f5es de funcionamento h\u00e1 anos, o Posto de Sa\u00fade do bairro Hernani S\u00e1 (Urbis), est\u00e1 na fase final de reforma e voltar\u00e1, em breve, a atender a popula\u00e7\u00e3o da zona sul. Enquanto os servi\u00e7os s\u00e3o conclu\u00eddos, o atendimento foi transferido para a sede da Associa\u00e7\u00e3o de Moradores do bairro. De acordo com o cronograma [&hellip;]<\/p>\n","protected":false},"author":2,"featured_media":0,"comment_status":"open","ping_status":"open","sticky":false,"template":"","format":"standard","meta":{"_links_to":"","_links_to_target":""},"categories":[7,9,8,1],"tags":[],"_links":{"self":[{"href":"https:\/\/www.ilheusnoticias.net.br\/v1\/wp-json\/wp\/v2\/posts\/15011"}],"collection":[{"href":"https:\/\/www.ilheusnoticias.net.br\/v1\/wp-json\/wp\/v2\/posts"}],"about":[{"href":"https:\/\/www.ilheusnoticias.net.br\/v1\/wp-json\/wp\/v2\/types\/post"}],"author":[{"embeddable":true,"href":"https:\/\/www.ilheusnoticias.net.br\/v1\/wp-json\/wp\/v2\/users\/2"}],"replies":[{"embeddable":true,"href":"https:\/\/www.ilheusnoticias.net.br\/v1\/wp-json\/wp\/v2\/comments?post=15011"}],"version-history":[{"count":1,"href":"https:\/\/www.ilheusnoticias.net.br\/v1\/wp-json\/wp\/v2\/posts\/15011\/revisions"}],"predecessor-version":[{"id":15013,"href":"https:\/\/www.ilheusnoticias.net.br\/v1\/wp-json\/wp\/v2\/posts\/15011\/revisions\/15013"}],"wp:attachment":[{"href":"https:\/\/www.ilheusnoticias.net.br\/v1\/wp-json\/wp\/v2\/media?parent=15011"}],"wp:term":[{"taxonomy":"category","embeddable":true,"href":"https:\/\/www.ilheusnoticias.net.br\/v1\/wp-json\/wp\/v2\/categories?post=15011"},{"taxonomy":"post_tag","embeddable":true,"href":"https:\/\/www.ilheusnoticias.net.br\/v1\/wp-json\/wp\/v2\/tags?post=15011"}],"curies":[{"name":"wp","href":"https:\/\/api.w.org\/{rel}","templated":true}]}}