{"id":15006,"date":"2018-06-05T11:23:24","date_gmt":"2018-06-05T14:23:24","guid":{"rendered":"http:\/\/www.ilheusnoticias.net.br\/v1\/?p=15006"},"modified":"2018-06-05T11:23:24","modified_gmt":"2018-06-05T14:23:24","slug":"santa-casa-assegura-continuidade-de-servicos-do-sus-em-ilheus","status":"publish","type":"post","link":"https:\/\/www.ilheusnoticias.net.br\/v1\/2018\/06\/05\/santa-casa-assegura-continuidade-de-servicos-do-sus-em-ilheus\/","title":{"rendered":"Santa Casa assegura continuidade  de servi\u00e7os do SUS em Ilh\u00e9us"},"content":{"rendered":"<p class=\"x_MsoNormal\" align=\"center\">\n<p class=\"x_MsoNormal\"><span style=\"font-size: large;\"><b><a href=\"http:\/\/www.ilheusnoticias.net.br\/v1\/wp-content\/uploads\/2018\/06\/hosp-s\u00f5-jose.jpg\" rel=\"attachment wp-att-15007\"><img loading=\"lazy\" class=\"aligncenter size-full wp-image-15007\" src=\"http:\/\/www.ilheusnoticias.net.br\/v1\/wp-content\/uploads\/2018\/06\/hosp-s\u00f5-jose.jpg\" alt=\"hosp s\u00f5 jose\" width=\"509\" height=\"287\" srcset=\"https:\/\/www.ilheusnoticias.net.br\/v1\/wp-content\/uploads\/2018\/06\/hosp-s\u00f5-jose.jpg 509w, https:\/\/www.ilheusnoticias.net.br\/v1\/wp-content\/uploads\/2018\/06\/hosp-s\u00f5-jose-300x169.jpg 300w\" sizes=\"(max-width: 509px) 100vw, 509px\" \/><\/a>\u00a0<\/b><\/span><\/p>\n<p class=\"x_MsoNormal\">\n<p class=\"x_MsoNormal\">A Santa Casa de Miseric\u00f3rdia de Ilh\u00e9us garantiu hoje (4), atrav\u00e9s de uma Nota P\u00fablica, que n\u00e3o h\u00e1 nenhuma possibilidade de cancelar o atendimento por interm\u00e9dio do Sistema \u00danico de Sa\u00fade (SUS) \u00e0 popula\u00e7\u00e3o de Ilh\u00e9us. O desmentido j\u00e1 havia sido feito pela secret\u00e1ria municipal de Sa\u00fade, Eliz\u00e2ngela Oliveira, logo que boatos come\u00e7aram a circular a respeito de um poss\u00edvel cancelamento do contrato do munic\u00edpio com o Hospital S\u00e3o Jos\u00e9. Na nota, a Santa Casa informa que \u201cem nenhum momento deixou ou deixar\u00e1 de atender a qualquer paciente que precise dos seus servi\u00e7os m\u00e9dico hospitalares,\u00a0principalmente pacientes do SUS, pois \u00e9 essa a sua miss\u00e3o prevista nos seus estatutos e, que por mais de cem anos vem sendo cotidianamente cumprida\u201d.<\/p>\n<p class=\"x_MsoNormal\"><!--more--><\/p>\n<p class=\"x_MsoNormal\">\u201cA Santa Casa de Miseric\u00f3rdia de Ilh\u00e9us \u00e9 a casa do SUS, portanto \u00e9 a casa de muitos\u201d, assegura a nota. Explica ainda que por ser muitos os que necessitam de atendimento, eventualmente pode ocorrer um excesso de procura pelos seus servi\u00e7os, principalmente do pronto atendimento que, na impossibilidade de acomodar em um determinado momento a todos os que o procuram, pode temporariamente, at\u00e9 que se normalize os atendimentos, suspender momentaneamente o atendimento a pacientes que n\u00e3o apresentarem quadro de emerg\u00eancia.<\/p>\n<p class=\"x_MsoNormal\">Devido ao grande n\u00famero de pacientes que procuraram o pronto atendimento da Santa Casa de Miseric\u00f3rdia de Ilh\u00e9us no \u00faltimo dia 1\u00ba de junho, que lotou todas as acomoda\u00e7\u00f5es, inclusive ocupando cadeiras e macas que foram totalmente utilizadas, e na impossibilidade de admitir novos pacientes para realizar novos atendimentos, por orienta\u00e7\u00e3o do m\u00e9dico de plant\u00e3o, a recep\u00e7\u00e3o e o enfermeiro da triagem, passaram a informar aos cidad\u00e3os que buscavam atendimento no pronto socorro, que o pronto atendimento estava lotado e que providencias urgente estavam sendo tomadas para regularizar o atendimento no mais breve espa\u00e7o de tempo.<\/p>\n<p class=\"x_MsoNormal\">A nota explica que providencias foram tomadas como transfer\u00eancias de pacientes para enfermarias e apartamentos do Hospital S\u00e3o Jos\u00e9 e tamb\u00e9m para o Hospital Regional Costa do Cacau, conforme havia sido dito pela secret\u00e1ria Eliz\u00e2ngela Oliveira, em resposta aos boatos.<\/p>\n<p class=\"x_MsoNormal\">\u201cA Santa Casa de Miseric\u00f3rdia\u00a0de Ilh\u00e9us jamais deixou de atender ao SUS, pois esta \u00e9 a sua \u00e1rdua mais gloriosa miss\u00e3o.\u00a0\u00a0Reiteramos que a Santa Casa de M. de Ilh\u00e9us\/Hospital S\u00e3o Jos\u00e9 e Maternidade Santa Helena \u00e9 a CASA DO SUS, \u00e9 a casa do cidad\u00e3o enfermo quando dela precisar\u201d, conclui a nota.<\/p>\n<p class=\"x_gmail-xmsonormal\">\n","protected":false},"excerpt":{"rendered":"<p>\u00a0 A Santa Casa de Miseric\u00f3rdia de Ilh\u00e9us garantiu hoje (4), atrav\u00e9s de uma Nota P\u00fablica, que n\u00e3o h\u00e1 nenhuma possibilidade de cancelar o atendimento por interm\u00e9dio do Sistema \u00danico de Sa\u00fade (SUS) \u00e0 popula\u00e7\u00e3o de Ilh\u00e9us. O desmentido j\u00e1 havia sido feito pela secret\u00e1ria municipal de Sa\u00fade, Eliz\u00e2ngela Oliveira, logo que boatos come\u00e7aram a [&hellip;]<\/p>\n","protected":false},"author":2,"featured_media":0,"comment_status":"open","ping_status":"open","sticky":false,"template":"","format":"standard","meta":{"_links_to":"","_links_to_target":""},"categories":[7,9,8,1],"tags":[],"_links":{"self":[{"href":"https:\/\/www.ilheusnoticias.net.br\/v1\/wp-json\/wp\/v2\/posts\/15006"}],"collection":[{"href":"https:\/\/www.ilheusnoticias.net.br\/v1\/wp-json\/wp\/v2\/posts"}],"about":[{"href":"https:\/\/www.ilheusnoticias.net.br\/v1\/wp-json\/wp\/v2\/types\/post"}],"author":[{"embeddable":true,"href":"https:\/\/www.ilheusnoticias.net.br\/v1\/wp-json\/wp\/v2\/users\/2"}],"replies":[{"embeddable":true,"href":"https:\/\/www.ilheusnoticias.net.br\/v1\/wp-json\/wp\/v2\/comments?post=15006"}],"version-history":[{"count":1,"href":"https:\/\/www.ilheusnoticias.net.br\/v1\/wp-json\/wp\/v2\/posts\/15006\/revisions"}],"predecessor-version":[{"id":15008,"href":"https:\/\/www.ilheusnoticias.net.br\/v1\/wp-json\/wp\/v2\/posts\/15006\/revisions\/15008"}],"wp:attachment":[{"href":"https:\/\/www.ilheusnoticias.net.br\/v1\/wp-json\/wp\/v2\/media?parent=15006"}],"wp:term":[{"taxonomy":"category","embeddable":true,"href":"https:\/\/www.ilheusnoticias.net.br\/v1\/wp-json\/wp\/v2\/categories?post=15006"},{"taxonomy":"post_tag","embeddable":true,"href":"https:\/\/www.ilheusnoticias.net.br\/v1\/wp-json\/wp\/v2\/tags?post=15006"}],"curies":[{"name":"wp","href":"https:\/\/api.w.org\/{rel}","templated":true}]}}