{"id":15000,"date":"2018-06-05T11:16:31","date_gmt":"2018-06-05T14:16:31","guid":{"rendered":"http:\/\/www.ilheusnoticias.net.br\/v1\/?p=15000"},"modified":"2018-06-05T11:16:31","modified_gmt":"2018-06-05T14:16:31","slug":"deputada-angela-sousa-prestigia-abertura-de-encontro-mundial-sobre-educacao","status":"publish","type":"post","link":"https:\/\/www.ilheusnoticias.net.br\/v1\/2018\/06\/05\/deputada-angela-sousa-prestigia-abertura-de-encontro-mundial-sobre-educacao\/","title":{"rendered":"Deputada \u00c2ngela Sousa prestigia abertura de encontro mundial sobre Educa\u00e7\u00e3o"},"content":{"rendered":"<h2 class=\"PostHeaderIcon-wrapper\"><\/h2>\n<div class=\"PostContent\">\n<div id=\"attachment_78989\" class=\"wp-caption aligncenter\"><a class=\"gallery_colorbox cboxElement\" href=\"http:\/\/www.agravo.blog.br\/wp-content\/uploads\/2018\/06\/34583306_1965138173561636_6196255863745806336_o.jpg\"><img loading=\"lazy\" class=\"size-full wp-image-78989\" src=\"http:\/\/www.agravo.blog.br\/wp-content\/uploads\/2018\/06\/34583306_1965138173561636_6196255863745806336_o.jpg\" sizes=\"(max-width: 500px) 100vw, 500px\" srcset=\"http:\/\/www.agravo.blog.br\/wp-content\/uploads\/2018\/06\/34583306_1965138173561636_6196255863745806336_o.jpg 500w, http:\/\/www.agravo.blog.br\/wp-content\/uploads\/2018\/06\/34583306_1965138173561636_6196255863745806336_o-300x200.jpg 300w\" alt=\"\" width=\"500\" height=\"333\" \/><\/a><\/p>\n<p class=\"wp-caption-text\">O governador Rui Costa , a deputada \u00c2ngela Sousa e e do secret\u00e1rio estadual da Educa\u00e7\u00e3o, Walter Pinheiro<\/p>\n<\/div>\n<p>Ao lado do governador Rui Costa e do secret\u00e1rio estadual da Educa\u00e7\u00e3o, Walter Pinheiro, a deputada \u00c2ngela Sousa prestigiou, na noite de ontem (4), no Teatro Castro Alves (TCA), a cerim\u00f4nia de abertura do XIX Encontro Internacional Virtual Educa, um dos maiores eventos mundiais sobre inova\u00e7\u00e3o e tecnologia aplicadas \u00e0 Educa\u00e7\u00e3o que, pela primeira vez, est\u00e1 sendo sediado na Bahia<\/p>\n<\/div>\n<p><!--more--><\/p>\n<div class=\"PostContent\">\n<p>Desta ter\u00e7a-feira (5) at\u00e9 a se<span class=\"m_2137020631752803982gmail-text_exposed_show\">xta-feira (8), o encontro ser\u00e1 realizado no Centro de Forma\u00e7\u00e3o e Eventos da Secretaria da Educa\u00e7\u00e3o do Estado (ICEIA). Com o tema \u201cEduca\u00e7\u00e3o para transformar a sociedade em um espa\u00e7o multicultural \u00fanico\u201d, o Virtual Educa reunir\u00e1 grandes personalidades da \u00e1rea de Educa\u00e7\u00e3o do Brasil, da Am\u00e9rica Latina, do Caribe e da \u00c1frica.<\/span><\/p>\n<div class=\"m_2137020631752803982gmail-text_exposed_show\">\n<p>\u201cEsse \u00e9 um encontro extremamente importante e enriquecedor para os profissionais ligados \u00e0 \u00e1rea da educa\u00e7\u00e3o, principalmente para o corpo docente da nossa na rede es\u00adta\u00addual de en\u00adsino, que tem contado com grandes transforma\u00e7\u00f5es implementadas pelo governador Rui Costa\u201d, destacou a deputada \u00c2ngela Sousa.<\/p>\n<\/div>\n<\/div>\n","protected":false},"excerpt":{"rendered":"<p>O governador Rui Costa , a deputada \u00c2ngela Sousa e e do secret\u00e1rio estadual da Educa\u00e7\u00e3o, Walter Pinheiro Ao lado do governador Rui Costa e do secret\u00e1rio estadual da Educa\u00e7\u00e3o, Walter Pinheiro, a deputada \u00c2ngela Sousa prestigiou, na noite de ontem (4), no Teatro Castro Alves (TCA), a cerim\u00f4nia de abertura do XIX Encontro Internacional [&hellip;]<\/p>\n","protected":false},"author":2,"featured_media":0,"comment_status":"open","ping_status":"open","sticky":false,"template":"","format":"standard","meta":{"_links_to":"","_links_to_target":""},"categories":[7,9,8,1],"tags":[],"_links":{"self":[{"href":"https:\/\/www.ilheusnoticias.net.br\/v1\/wp-json\/wp\/v2\/posts\/15000"}],"collection":[{"href":"https:\/\/www.ilheusnoticias.net.br\/v1\/wp-json\/wp\/v2\/posts"}],"about":[{"href":"https:\/\/www.ilheusnoticias.net.br\/v1\/wp-json\/wp\/v2\/types\/post"}],"author":[{"embeddable":true,"href":"https:\/\/www.ilheusnoticias.net.br\/v1\/wp-json\/wp\/v2\/users\/2"}],"replies":[{"embeddable":true,"href":"https:\/\/www.ilheusnoticias.net.br\/v1\/wp-json\/wp\/v2\/comments?post=15000"}],"version-history":[{"count":1,"href":"https:\/\/www.ilheusnoticias.net.br\/v1\/wp-json\/wp\/v2\/posts\/15000\/revisions"}],"predecessor-version":[{"id":15001,"href":"https:\/\/www.ilheusnoticias.net.br\/v1\/wp-json\/wp\/v2\/posts\/15000\/revisions\/15001"}],"wp:attachment":[{"href":"https:\/\/www.ilheusnoticias.net.br\/v1\/wp-json\/wp\/v2\/media?parent=15000"}],"wp:term":[{"taxonomy":"category","embeddable":true,"href":"https:\/\/www.ilheusnoticias.net.br\/v1\/wp-json\/wp\/v2\/categories?post=15000"},{"taxonomy":"post_tag","embeddable":true,"href":"https:\/\/www.ilheusnoticias.net.br\/v1\/wp-json\/wp\/v2\/tags?post=15000"}],"curies":[{"name":"wp","href":"https:\/\/api.w.org\/{rel}","templated":true}]}}