{"id":14998,"date":"2018-06-05T11:15:16","date_gmt":"2018-06-05T14:15:16","guid":{"rendered":"http:\/\/www.ilheusnoticias.net.br\/v1\/?p=14998"},"modified":"2018-06-05T11:15:16","modified_gmt":"2018-06-05T14:15:16","slug":"ilheus-pm-apreende-armas-e-drogas-no-teotonio-vilela","status":"publish","type":"post","link":"https:\/\/www.ilheusnoticias.net.br\/v1\/2018\/06\/05\/ilheus-pm-apreende-armas-e-drogas-no-teotonio-vilela\/","title":{"rendered":"Ilh\u00e9us: PM apreende armas e drogas no Teot\u00f4nio Vilela"},"content":{"rendered":"<h2 class=\"PostHeaderIcon-wrapper\"><\/h2>\n<div class=\"PostContent\">\n<p><a class=\"gallery_colorbox cboxElement\" href=\"http:\/\/www.agravo.blog.br\/wp-content\/uploads\/2018\/06\/WhatsApp-Image-2018-06-05-at-10.09.46.jpeg\"><img loading=\"lazy\" class=\"aligncenter  wp-image-78992\" src=\"http:\/\/www.agravo.blog.br\/wp-content\/uploads\/2018\/06\/WhatsApp-Image-2018-06-05-at-10.09.46.jpeg\" sizes=\"(max-width: 456px) 100vw, 456px\" srcset=\"http:\/\/www.agravo.blog.br\/wp-content\/uploads\/2018\/06\/WhatsApp-Image-2018-06-05-at-10.09.46.jpeg 1280w, http:\/\/www.agravo.blog.br\/wp-content\/uploads\/2018\/06\/WhatsApp-Image-2018-06-05-at-10.09.46-300x225.jpeg 300w, http:\/\/www.agravo.blog.br\/wp-content\/uploads\/2018\/06\/WhatsApp-Image-2018-06-05-at-10.09.46-768x576.jpeg 768w, http:\/\/www.agravo.blog.br\/wp-content\/uploads\/2018\/06\/WhatsApp-Image-2018-06-05-at-10.09.46-1024x768.jpeg 1024w\" alt=\"\" width=\"456\" height=\"342\" \/><\/a><\/p>\n<p>Ap\u00f3s recebimento de den\u00fancia sobre o esconderijo\u00a0 do foragido da justi\u00e7a Gerson Concei\u00e7\u00e3o Santana, vulgo Pai\u00e1,\u00a0 em uma resid\u00eancia na baixada do Teot\u00f4nio Vilela, junto com os seus comparsas; uma guarni\u00e7\u00e3o de ROTAM se deslocou ao local com o mandado de pris\u00e3o do mesmo.<\/p>\n<\/div>\n<p><!--more--><\/p>\n<div class=\"PostContent\">\n<p>Com o apoio do PETO 70,\u00a0 ao chegar no local foi realizado o cerco, onde um indiv\u00edduo de nome Jos\u00e9 M\u00e1rio, abriu a porta da frente, tendo como \u201cPai\u00e1\u201d, de arma em punho, deflagrado disparos pela porta do fundo da resid\u00eancia, quando a guarni\u00e7\u00e3o revidou a injusti\u00e7a agress\u00e3o, vindo a alvejar \u201cPai\u00e1\u201d cessando a sua a\u00e7\u00e3o. Foi prestado socorro ao Hospital Costa do Cacau, por\u00e9m constatado o \u00f3bito do mesmo.<\/p>\n<p>Com o resistente foi encontrado um rev\u00f3lver Cal 38\u2032, N\u00b0 ID145378, com 02 muni\u00e7\u00f5es deflagradas e 04 intactas;\u00a003 barras de maconha.<\/p>\n<\/div>\n","protected":false},"excerpt":{"rendered":"<p>Ap\u00f3s recebimento de den\u00fancia sobre o esconderijo\u00a0 do foragido da justi\u00e7a Gerson Concei\u00e7\u00e3o Santana, vulgo Pai\u00e1,\u00a0 em uma resid\u00eancia na baixada do Teot\u00f4nio Vilela, junto com os seus comparsas; uma guarni\u00e7\u00e3o de ROTAM se deslocou ao local com o mandado de pris\u00e3o do mesmo.<\/p>\n","protected":false},"author":2,"featured_media":0,"comment_status":"open","ping_status":"open","sticky":false,"template":"","format":"standard","meta":{"_links_to":"","_links_to_target":""},"categories":[7,9,8,1,5],"tags":[],"_links":{"self":[{"href":"https:\/\/www.ilheusnoticias.net.br\/v1\/wp-json\/wp\/v2\/posts\/14998"}],"collection":[{"href":"https:\/\/www.ilheusnoticias.net.br\/v1\/wp-json\/wp\/v2\/posts"}],"about":[{"href":"https:\/\/www.ilheusnoticias.net.br\/v1\/wp-json\/wp\/v2\/types\/post"}],"author":[{"embeddable":true,"href":"https:\/\/www.ilheusnoticias.net.br\/v1\/wp-json\/wp\/v2\/users\/2"}],"replies":[{"embeddable":true,"href":"https:\/\/www.ilheusnoticias.net.br\/v1\/wp-json\/wp\/v2\/comments?post=14998"}],"version-history":[{"count":1,"href":"https:\/\/www.ilheusnoticias.net.br\/v1\/wp-json\/wp\/v2\/posts\/14998\/revisions"}],"predecessor-version":[{"id":14999,"href":"https:\/\/www.ilheusnoticias.net.br\/v1\/wp-json\/wp\/v2\/posts\/14998\/revisions\/14999"}],"wp:attachment":[{"href":"https:\/\/www.ilheusnoticias.net.br\/v1\/wp-json\/wp\/v2\/media?parent=14998"}],"wp:term":[{"taxonomy":"category","embeddable":true,"href":"https:\/\/www.ilheusnoticias.net.br\/v1\/wp-json\/wp\/v2\/categories?post=14998"},{"taxonomy":"post_tag","embeddable":true,"href":"https:\/\/www.ilheusnoticias.net.br\/v1\/wp-json\/wp\/v2\/tags?post=14998"}],"curies":[{"name":"wp","href":"https:\/\/api.w.org\/{rel}","templated":true}]}}