{"id":14133,"date":"2018-04-29T07:09:23","date_gmt":"2018-04-29T10:09:23","guid":{"rendered":"http:\/\/www.ilheusnoticias.net.br\/v1\/?p=14133"},"modified":"2018-04-29T07:09:23","modified_gmt":"2018-04-29T10:09:23","slug":"foguetinhos-77","status":"publish","type":"post","link":"https:\/\/www.ilheusnoticias.net.br\/v1\/2018\/04\/29\/foguetinhos-77\/","title":{"rendered":"FOGUETINHOS"},"content":{"rendered":"<p><a href=\"http:\/\/www.ilheusnoticias.net.br\/v1\/wp-content\/uploads\/2018\/04\/dom-valfredo.jpg\" rel=\"attachment wp-att-14134\"><img loading=\"lazy\" class=\"aligncenter  wp-image-14134\" src=\"http:\/\/www.ilheusnoticias.net.br\/v1\/wp-content\/uploads\/2018\/04\/dom-valfredo.jpg\" alt=\"dom valfredo\" width=\"339\" height=\"514\" srcset=\"https:\/\/www.ilheusnoticias.net.br\/v1\/wp-content\/uploads\/2018\/04\/dom-valfredo.jpg 632w, https:\/\/www.ilheusnoticias.net.br\/v1\/wp-content\/uploads\/2018\/04\/dom-valfredo-198x300.jpg 198w\" sizes=\"(max-width: 339px) 100vw, 339px\" \/><\/a><\/p>\n<p>DOM VALFREDO TEPE &#8211; 100 anos.<\/p>\n<p>Se aqui estivesse estaria completando 100 anos. Nascido em 1918 na Alemanha, veio para o Brasil em 1935.<\/p>\n<div class=\"text_exposed_show\">\n<p>Ordenado Padre em 30.05.1942, foi sagrado Bispo em 30.05.1967, veio para Ilh\u00e9us em 1970 como Administrador Apost\u00f3lico e assumiu a Diocese em 1971.<\/p>\n<p>Tive em diversas oportunidades com DOM TEPE, em reuni\u00f5es na igreja, no cursilho, nas santas missas e aqui na Sapetinga na tradicional festa da Sagrada Fam\u00edlia.<\/p>\n<p>Hoje a nossa Diocese est\u00e1 prestando just\u00edssima homenagem ao Grande Bispo DOM TEPE.<\/p>\n<p>DEUS SEJA LOUVADO!<\/p>\n<p>Foto (Jos\u00e9 Nazal)<\/p>\n<p>Obrigado! Com licen\u00e7a!<\/p>\n<p>Z\u00c9CARLOS JUNIOR (cidad\u00e3o cat\u00f3lico)<\/p>\n<\/div>\n","protected":false},"excerpt":{"rendered":"<p>DOM VALFREDO TEPE &#8211; 100 anos. Se aqui estivesse estaria completando 100 anos. Nascido em 1918 na Alemanha, veio para o Brasil em 1935. Ordenado Padre em 30.05.1942, foi sagrado Bispo em 30.05.1967, veio para Ilh\u00e9us em 1970 como Administrador Apost\u00f3lico e assumiu a Diocese em 1971. Tive em diversas oportunidades com DOM TEPE, em [&hellip;]<\/p>\n","protected":false},"author":2,"featured_media":0,"comment_status":"open","ping_status":"open","sticky":false,"template":"","format":"standard","meta":{"_links_to":"","_links_to_target":""},"categories":[7,9,8,1],"tags":[],"_links":{"self":[{"href":"https:\/\/www.ilheusnoticias.net.br\/v1\/wp-json\/wp\/v2\/posts\/14133"}],"collection":[{"href":"https:\/\/www.ilheusnoticias.net.br\/v1\/wp-json\/wp\/v2\/posts"}],"about":[{"href":"https:\/\/www.ilheusnoticias.net.br\/v1\/wp-json\/wp\/v2\/types\/post"}],"author":[{"embeddable":true,"href":"https:\/\/www.ilheusnoticias.net.br\/v1\/wp-json\/wp\/v2\/users\/2"}],"replies":[{"embeddable":true,"href":"https:\/\/www.ilheusnoticias.net.br\/v1\/wp-json\/wp\/v2\/comments?post=14133"}],"version-history":[{"count":1,"href":"https:\/\/www.ilheusnoticias.net.br\/v1\/wp-json\/wp\/v2\/posts\/14133\/revisions"}],"predecessor-version":[{"id":14135,"href":"https:\/\/www.ilheusnoticias.net.br\/v1\/wp-json\/wp\/v2\/posts\/14133\/revisions\/14135"}],"wp:attachment":[{"href":"https:\/\/www.ilheusnoticias.net.br\/v1\/wp-json\/wp\/v2\/media?parent=14133"}],"wp:term":[{"taxonomy":"category","embeddable":true,"href":"https:\/\/www.ilheusnoticias.net.br\/v1\/wp-json\/wp\/v2\/categories?post=14133"},{"taxonomy":"post_tag","embeddable":true,"href":"https:\/\/www.ilheusnoticias.net.br\/v1\/wp-json\/wp\/v2\/tags?post=14133"}],"curies":[{"name":"wp","href":"https:\/\/api.w.org\/{rel}","templated":true}]}}