{"id":13583,"date":"2018-03-24T17:06:50","date_gmt":"2018-03-24T20:06:50","guid":{"rendered":"http:\/\/www.ilheusnoticias.net.br\/v1\/?p=13583"},"modified":"2018-03-24T17:09:43","modified_gmt":"2018-03-24T20:09:43","slug":"moradores-e-turistas-que-vistam-itacare-reclamam-de-agua-amarelada-e-com-mau-cheiro-em-torneiras-perigo-real-a-saude","status":"publish","type":"post","link":"https:\/\/www.ilheusnoticias.net.br\/v1\/2018\/03\/24\/moradores-e-turistas-que-vistam-itacare-reclamam-de-agua-amarelada-e-com-mau-cheiro-em-torneiras-perigo-real-a-saude\/","title":{"rendered":"Moradores e Turistas que visitam Itacar\u00e9 reclamam de \u00e1gua amarelada e com mau cheiro em torneiras; Perigo real \u00e0 Sa\u00fade"},"content":{"rendered":"<div class=\"row content-head\"><\/div>\n<div class=\"row content-share-bar\"><\/div>\n<div class=\"mc-article-body\">\n<article>\n<div class=\"mc-column content-media content-media--normal content-video\" data-block-type=\"backstage-video\" data-block-id=\"0\">\n<div class=\"content-media__container content-media__container--loaded\">\n<div class=\"content-video__placeholder\" data-video-id=\"6605415\"><img loading=\"lazy\" class=\"content-video__placeholder__thumb\" title=\"Moradores de Itacar\u00e9 reclamam que \u00e1gua da cidade est\u00e1 saindo escura e com mau cheiro\" src=\"https:\/\/s04.video.glbimg.com\/x720\/6605415.jpg\" alt=\"Moradores de Itacar\u00e9 reclamam que \u00e1gua da cidade est\u00e1 saindo escura e com mau cheiro\" width=\"501\" height=\"282\" \/><\/div>\n<\/div>\n<div class=\"content-media__description-centered\">\n<p class=\"content-media__description\"><span class=\"content-media__description__caption\">Moradores de Itacar\u00e9 reclamam que \u00e1gua da cidade est\u00e1 saindo escura e com mau cheiro<\/span><\/p>\n<\/div>\n<\/div>\n<div class=\"mc-column content-text active-extra-styles active-capital-letter\" data-block-type=\"unstyled\" data-block-weight=\"33\" data-block-id=\"2\">\n<p class=\"content-text__container theme-color-primary-first-letter\" data-track-category=\"Link no Texto\" data-track-links=\"\">Moradores de Itacar\u00e9 e turistas, reclamam que est\u00e3o recebendo nas torneiras de casa \u00e1gua escura e com mau cheiro.<\/p>\n<\/div>\n<div class=\"mc-column content-text active-extra-styles \" data-block-type=\"unstyled\" data-block-weight=\"20\" data-block-id=\"3\">\n<p class=\"content-text__container \" data-track-category=\"Link no Texto\" data-track-links=\"\">O eletrot\u00e9cnico Alzires Vieira, que \u00e9 morador do bairro Passagem, diz que o problema j\u00e1 dura mais de dois meses.<\/p>\n<\/div>\n<\/article>\n<\/div>\n<p class=\"content-text__container \" data-track-category=\"Link no Texto\" data-track-links=\"\"><!--more--><\/p>\n<div class=\"mc-article-body\">\n<article>\n<div class=\"mc-column content-text active-extra-styles \" data-block-type=\"unstyled\" data-block-weight=\"67\" data-block-id=\"4\">\n<p class=\"content-text__container \" data-track-category=\"Link no Texto\" data-track-links=\"\">&#8220;J\u00e1 sofremos isso aqui na cidade h\u00e1 mais de 2 meses. J\u00e1 colocamos em grupos de WhatsApp e nos mobilizamos, chamamos a comunidade para poder tentar resolver essa situa\u00e7\u00e3o, j\u00e1 chamamos tamb\u00e9m o gerente da Embasa e mesmo assim ele n\u00e3o solucionou o problema. At\u00e9 hoje, estamos buscando solu\u00e7\u00f5es perante as contas, que est\u00e3o vindo cada vez mais caras. E a solu\u00e7\u00e3o n\u00e3o est\u00e1 sendo feita&#8221;, destaca.<\/p>\n<\/div>\n<div class=\"mc-column content-text active-extra-styles \" data-block-type=\"unstyled\" data-block-weight=\"24\" data-block-id=\"5\">\n<p class=\"content-text__container \" data-track-category=\"Link no Texto\" data-track-links=\"\">Por causa do problema, muitos moradores precisam comprar gal\u00f5es de \u00e1gua mineral para consumo. Cada gal\u00e3o de 20 litros custa, em m\u00e9dia, R$ 9.<\/p>\n<\/div>\n<div class=\"mc-column content-text active-extra-styles \" data-block-type=\"unstyled\" data-block-weight=\"30\" data-block-id=\"6\">\n<p class=\"content-text__container \" data-track-category=\"Link no Texto\" data-track-links=\"\">Os moradores dizem n\u00e3o saber o motivo de a \u00e1gua estar chegando nas torneiras com cor amarelada e gosto entranho. Eles ainda dizem que a \u00e1gua n\u00e3o cai com frequ\u00eancia.<\/p>\n<\/div>\n<div class=\"mc-column content-media content-media--normal content-photo\" data-block-type=\"backstage-photo\" data-block-id=\"7\">\n<div class=\"content-media__container\">\n<div class=\"content-media__image-centered\">\n<div class=\"progressive-img can-open-lightbox\" data-min-size=\"1008x566\" data-min-size-url=\"https:\/\/s2.glbimg.com\/mpPW3An4KW1qosyg0uOQ2LQpDDs=\/0x0:1366x768\/1008x0\/smart\/filters:strip_icc()\/i.s3.glbimg.com\/v1\/AUTH_59edd422c0c84a879bd37670ae4f538a\/internal_photos\/bs\/2018\/b\/v\/yNAI99SleJCLrtBnYdOA\/agua.jpg\" data-max-size=\"1600x899\" data-max-size-url=\"https:\/\/s2.glbimg.com\/zkisoYZEMTyN9Tg2RcQJE8RycP4=\/0x0:1366x768\/1600x0\/smart\/filters:strip_icc()\/i.s3.glbimg.com\/v1\/AUTH_59edd422c0c84a879bd37670ae4f538a\/internal_photos\/bs\/2018\/b\/v\/yNAI99SleJCLrtBnYdOA\/agua.jpg\" data-media-index=\"0\"><img class=\"progressive-draft\" title=\"Moradores na BA reclamam de \u00e1gua amarelada e com mau cheiro em torneiras (Foto: Reprodu\u00e7\u00e3o\/TV Santa Cruz)\" src=\"data:image\/jpeg;base64,\/9j\/4AAQSkZJRgABAQAAAQABAAD\/2wBDAAMCAgMCAgMDAwMEAwMEBQgFBQQEBQoHBwYIDAoMDAsKCwsNDhIQDQ4RDgsLEBYQERMUFRUVDA8XGBYUGBIUFRT\/2wBDAQMEBAUEBQkFBQkUDQsNFBQUFBQUFBQUFBQUFBQUFBQUFBQUFBQUFBQUFBQUFBQUFBQUFBQUFBQUFBQUFBQUFBT\/wgARCAAOABkDASIAAhEBAxEB\/8QAFgABAQEAAAAAAAAAAAAAAAAABwUA\/8QAFQEBAQAAAAAAAAAAAAAAAAAAAwT\/2gAMAwEAAhADEAAAAUKSW6OtBO4I4of\/xAAdEAABBAMBAQAAAAAAAAAAAAADAQIEBQAGExQW\/9oACAEBAAEFAkVHO9PQxpYxM+8r8gbNIeI9kuuk2q571+f\/xAAaEQACAgMAAAAAAAAAAAAAAAAAAgEhAxES\/9oACAEDAQE\/AcMI2+h6mj\/\/xAAaEQACAgMAAAAAAAAAAAAAAAAAAQIRAxIy\/9oACAECAQE\/Acmy5IRtWz\/\/xAAnEAABAgUCBQUAAAAAAAAAAAABAgMABBESEyEiEDFBYXEzQlFSkv\/aAAgBAQAGPwK\/2gU7RtIsroT1+YcW4sWt1Kj9Y9N78wyJslaJhqisehHiFsvXuLyFtWM7FcjWh5HxEtLJBTnTmUe3QcP\/xAAiEAACAQMDBQEAAAAAAAAAAAABEQAhMUFRgbFxkaHB0fH\/2gAIAQEAAT8hMwIopdWvqB5VYZD22AjzAcTXsCfHIn5b7Gi3YC\/AOG2YexgqIBsIeWYhDoXtXqK9BGZ\/\/9oADAMBAAIAAwAAABChv\/\/EABoRAQABBQAAAAAAAAAAAAAAAAEAESExUfD\/2gAIAQMBAT8Q2DS3EQphP\/\/EABcRAQEBAQAAAAAAAAAAAAAAAAEAETH\/2gAIAQIBAT8QzkQet\/\/EAB4QAQEAAwACAwEAAAAAAAAAAAERACExUWEQQXGx\/9oACAEBAAE\/EJnV6QxfZrS\/uE1OBxL2JEt\/jPR375BZLowuvJ8GiONLzSc3HaiDVO4IcuOLboypIq7dy8nhjyfuFBVhoue5z\/\/Z\" alt=\"Moradores na BA reclamam de \u00e1gua amarelada e com mau cheiro em torneiras (Foto: Reprodu\u00e7\u00e3o\/TV Santa Cruz)\" \/><picture><img loading=\"lazy\" class=\"image content-media__image progressive-loaded\" title=\"Moradores na BA reclamam de \u00e1gua amarelada e com mau cheiro em torneiras (Foto: Reprodu\u00e7\u00e3o\/TV Santa Cruz)\" src=\"https:\/\/s2.glbimg.com\/vCYbXAzHNuN8yYjndgdDobroCfU=\/0x0:1366x768\/984x0\/smart\/filters:strip_icc()\/i.s3.glbimg.com\/v1\/AUTH_59edd422c0c84a879bd37670ae4f538a\/internal_photos\/bs\/2018\/b\/v\/yNAI99SleJCLrtBnYdOA\/agua.jpg\" alt=\"Moradores na BA reclamam de \u00e1gua amarelada e com mau cheiro em torneiras (Foto: Reprodu\u00e7\u00e3o\/TV Santa Cruz)\" width=\"387\" height=\"218\" data-src=\"https:\/\/s2.glbimg.com\/vCYbXAzHNuN8yYjndgdDobroCfU=\/0x0:1366x768\/984x0\/smart\/filters:strip_icc()\/i.s3.glbimg.com\/v1\/AUTH_59edd422c0c84a879bd37670ae4f538a\/internal_photos\/bs\/2018\/b\/v\/yNAI99SleJCLrtBnYdOA\/agua.jpg\" \/><\/picture><\/div>\n<div class=\"progressive-img can-open-lightbox\" data-min-size=\"1008x566\" data-min-size-url=\"https:\/\/s2.glbimg.com\/mpPW3An4KW1qosyg0uOQ2LQpDDs=\/0x0:1366x768\/1008x0\/smart\/filters:strip_icc()\/i.s3.glbimg.com\/v1\/AUTH_59edd422c0c84a879bd37670ae4f538a\/internal_photos\/bs\/2018\/b\/v\/yNAI99SleJCLrtBnYdOA\/agua.jpg\" data-max-size=\"1600x899\" data-max-size-url=\"https:\/\/s2.glbimg.com\/zkisoYZEMTyN9Tg2RcQJE8RycP4=\/0x0:1366x768\/1600x0\/smart\/filters:strip_icc()\/i.s3.glbimg.com\/v1\/AUTH_59edd422c0c84a879bd37670ae4f538a\/internal_photos\/bs\/2018\/b\/v\/yNAI99SleJCLrtBnYdOA\/agua.jpg\" data-media-index=\"0\"><\/div>\n<\/div>\n<div class=\"content-media__description-centered \">\n<p class=\"content-media__description\"><span class=\"content-media__description__caption\">Moradores na BA reclamam de \u00e1gua amarelada e com mau cheiro em torneiras (Foto: Reprodu\u00e7\u00e3o\/TV Santa Cruz)<\/span><\/p>\n<\/div>\n<\/div>\n<\/div>\n<div class=\"mc-column content-text active-extra-styles \" data-block-type=\"unstyled\" data-block-weight=\"48\" data-block-id=\"8\">\n<p class=\"content-text__container \" data-track-category=\"Link no Texto\" data-track-links=\"\">O comerciante Jo\u00e3o Silva, que vende peixes na cidade, diz que fica sem condi\u00e7\u00f5es de trabalhar por causa da \u00e1gua suja. &#8220;Deu um preju\u00edzo, porque a gente n\u00e3o tem como se locomover, porque n\u00e3o tem \u00e1gua. A gente depende da \u00e1gua para trabalhar. A \u00e1gua limpa, n\u00e3o \u00e9?&#8221;.<\/p>\n<\/div>\n<div class=\"content-ads content-ads--reveal\" data-block-type=\"ads\" data-block-id=\"9\"><\/div>\n<div class=\"mc-column content-text active-extra-styles \" data-block-type=\"unstyled\" data-block-weight=\"46\" data-block-id=\"10\">\n<p class=\"content-text__container \" data-track-category=\"Link no Texto\" data-track-links=\"\">A Embasa informou que a situa\u00e7\u00e3o foi ocasionada por conta de um problema na esta\u00e7\u00e3o de tratamento de \u00e1gua de Itacar\u00e9. A empresa disse que houve uma falha humana e que o funcion\u00e1rio respons\u00e1vel foi desligado da empresa. A Embasa n\u00e3o detalhou qual foi o problema.<\/p>\n<\/div>\n<div data-track-category=\"fim do conteudo\" data-track-action=\"ultimo chunk conteudo\" data-track-noninteraction=\"false\" data-track-scroll=\"entrada completa viewport\">\n<div class=\"mc-column content-text active-extra-styles \" data-block-type=\"unstyled\" data-block-weight=\"33\" data-block-id=\"11\">\n<p class=\"content-text__container \" data-track-category=\"Link no Texto\" data-track-links=\"\">J\u00e1 com rela\u00e7\u00e3o \u00e0 falta de \u00e1gua relatada pelos moradores, a empresa disse que houve paradas operacionais na esta\u00e7\u00e3o na cidade, mas que o abastecimento j\u00e1 foi resolvido na maior parte do munic\u00edpio.G1<\/p>\n<\/div>\n<\/div>\n<\/article>\n<\/div>\n","protected":false},"excerpt":{"rendered":"<p>Moradores de Itacar\u00e9 reclamam que \u00e1gua da cidade est\u00e1 saindo escura e com mau cheiro Moradores de Itacar\u00e9 e turistas, reclamam que est\u00e3o recebendo nas torneiras de casa \u00e1gua escura e com mau cheiro. O eletrot\u00e9cnico Alzires Vieira, que \u00e9 morador do bairro Passagem, diz que o problema j\u00e1 dura mais de dois meses.<\/p>\n","protected":false},"author":2,"featured_media":0,"comment_status":"open","ping_status":"open","sticky":false,"template":"","format":"standard","meta":{"_links_to":"","_links_to_target":""},"categories":[7,9,8,1],"tags":[],"_links":{"self":[{"href":"https:\/\/www.ilheusnoticias.net.br\/v1\/wp-json\/wp\/v2\/posts\/13583"}],"collection":[{"href":"https:\/\/www.ilheusnoticias.net.br\/v1\/wp-json\/wp\/v2\/posts"}],"about":[{"href":"https:\/\/www.ilheusnoticias.net.br\/v1\/wp-json\/wp\/v2\/types\/post"}],"author":[{"embeddable":true,"href":"https:\/\/www.ilheusnoticias.net.br\/v1\/wp-json\/wp\/v2\/users\/2"}],"replies":[{"embeddable":true,"href":"https:\/\/www.ilheusnoticias.net.br\/v1\/wp-json\/wp\/v2\/comments?post=13583"}],"version-history":[{"count":2,"href":"https:\/\/www.ilheusnoticias.net.br\/v1\/wp-json\/wp\/v2\/posts\/13583\/revisions"}],"predecessor-version":[{"id":13585,"href":"https:\/\/www.ilheusnoticias.net.br\/v1\/wp-json\/wp\/v2\/posts\/13583\/revisions\/13585"}],"wp:attachment":[{"href":"https:\/\/www.ilheusnoticias.net.br\/v1\/wp-json\/wp\/v2\/media?parent=13583"}],"wp:term":[{"taxonomy":"category","embeddable":true,"href":"https:\/\/www.ilheusnoticias.net.br\/v1\/wp-json\/wp\/v2\/categories?post=13583"},{"taxonomy":"post_tag","embeddable":true,"href":"https:\/\/www.ilheusnoticias.net.br\/v1\/wp-json\/wp\/v2\/tags?post=13583"}],"curies":[{"name":"wp","href":"https:\/\/api.w.org\/{rel}","templated":true}]}}